{"id":821109,"date":"2010-10-26T23:05:27","date_gmt":"2010-10-26T22:05:27","guid":{"rendered":"https:\/\/exindex.hu\/?p=821109"},"modified":"2010-10-26T23:33:06","modified_gmt":"2010-10-26T22:33:06","slug":"video-prezentaciok-21-revesz-osztaly","status":"publish","type":"post","link":"https:\/\/exindex.hu\/hu\/hirek\/video-prezentaciok-21-revesz-osztaly\/","title":{"rendered":"Vide\u00f3 prezent\u00e1ci\u00f3k 21. &#8211; R\u00e9v\u00e9sz oszt\u00e1ly"},"content":{"rendered":"<p>Az <a href=\"http:\/\/www.crosstalk.hu\/\" target=\"_blank\">\u00c1thall\u00e1s<\/a> Videom\u0171v\u00e9szeti Fesztiv\u00e1l, Budapest r\u00e9szprogramjak\u00e9nt elindult a havonta   megrendezend\u0151 <em>Vide\u00f3 prezent\u00e1ci\u00f3k<\/em> sorozat. Az egy est\u00e9s  besz\u00e9lget\u00e9s-sorozat megh\u00edvottjai magyar \u00e9s   k\u00fclf\u00f6ldi vide\u00f3- illetve  m\u00e9diam\u0171v\u00e9szek. Az esem\u00e9ny c\u00e9lja els\u0151sorban a   kort\u00e1rs magyar  videom\u0171v\u00e9szettel foglalkoz\u00f3 alkot\u00f3k bemutat\u00e1sa a   k\u00fclf\u00f6ldi szc\u00e9na  k\u00e9pvisel\u0151ivel egyetemben, m\u00e1sodsorban a vide\u00f3m\u0171v\u00e9szet megismertet\u00e9se, felkarol\u00e1sa.<\/p>\r\n\r\n<p>T\u00f6bb helysz\u00ednv\u00e1lt\u00e1s ut\u00e1n, most rem\u00e9lhet\u0151leg megtal\u00e1ltuk a v\u00e9gleges  helysz\u00ednt, a <strong>LudwigInzert<\/strong>et (kor\u00e1bbi J\u00f3zsefv\u00e1rosi Gal\u00e9ria, <strong>1085  Budapest, J\u00f3zsef krt. 70.<\/strong>), mely 2010-t\u0151l a Ludwig M\u00fazeum kihelyezett  helysz\u00ednek\u00e9nt funkcion\u00e1l.<\/p>\r\n\r\n<p>K\u00f6vetkez\u0151 megh\u00edvott el\u0151ad\u00f3: MKE fest\u0151szak, R\u00e9v\u00e9sz L\u00e1szl\u00f3 L\u00e1szl\u00f3 oszt\u00e1lya<\/p>\r\n\r\n<p>Id\u0151pont: <strong>2010. okt\u00f3ber 27, szerda, 19h.<\/strong><\/p>\r\n\r\n<p>2010 tavasz \u2013 \u0151szi szemeszter\u00e9ben az MKE fest\u0151szak\u00e1n, R\u00e9v\u00e9sz L\u00e1szl\u00f3  L\u00e1szl\u00f3 oszt\u00e1lya egy szokatlan feladaton dolgozott. H\u00e1rom megadott, \u00e9s  nagyon k\u00fcl\u00f6nb\u00f6z\u0151 t\u00e9ma (Zebr\u00e1n &#8211; A k\u00f6znap kelleme &#8211; Fest\u00e9szeti akci\u00f3)  egy\u00e9ni \u00e9rtelmez\u00e9seit megoldani\u00a0 vide\u00f3 technik\u00e1val. Egyedi vari\u00e1ci\u00f3k,  egyedi megfogalmaz\u00e1sok. V\u00e1logat\u00e1s ker\u00fcl bemutat\u00e1sra a k\u00f6vetkez\u0151  szerz\u0151kt\u0151l:<\/p>\r\n\r\n<p>B\u00f6gi Dia, Dors\u00e1nszki Adrien, Feh\u00e9rv\u00e1ry Tam\u00e1s, Romh\u00e1ny Vera, Sz\u0151ke Kriszti\u00e1n, Trapp Dominika \u00e9s Zalav\u00e1ri Andr\u00e1s.<\/p>\r\n\r\n<p>\u00dagy is lehetne jellemezni ezeket a m\u0171veket, hogy nem hasonl\u00edtanak  egym\u00e1sra. De nem ez \u00edrja le a legjobban a nyilv\u00e1nval\u00f3 k\u00f6z\u00f6set a  munk\u00e1kban. Az se mond semmit, hogy mi nem szerepel egyikben sem.\u00a0 De  tal\u00e1n ezen el lehet indulni. P\u00e9ld\u00e1ul nincs egyikben sem verseny aut\u00f3. A  k\u00f6rnyezettudatoss\u00e1g alap. Meg az is, hogy az id\u0151vel takar\u00e9koskodtak a  k\u00e9sz\u00edt\u0151k. A megfogalmazhat\u00f3s\u00e1g a k\u00e9rd\u00e9s. A k\u00f6z\u00f6s nevez\u0151, amiben  meg\u00e1llapodtak. 11 id\u0151ben \u00e9s lehet\u0151s\u00e9gekben \u00f6nkorl\u00e1tozott vide\u00f3 egym\u00e1s  ut\u00e1n.<\/p>","protected":false},"excerpt":{"rendered":"<p>Az \u00c1thall\u00e1s Videom\u0171v\u00e9szeti Fesztiv\u00e1l, Budapest r\u00e9szprogramjak\u00e9nt elindult a havonta megrendezend\u0151 Vide\u00f3 prezent\u00e1ci\u00f3k sorozat. Az egy est\u00e9s besz\u00e9lget\u00e9s-sorozat megh\u00edvottjai magyar \u00e9s k\u00fclf\u00f6ldi vide\u00f3- illetve m\u00e9diam\u0171v\u00e9szek. Az esem\u00e9ny c\u00e9lja els\u0151sorban a kort\u00e1rs magyar videom\u0171v\u00e9szettel foglalkoz\u00f3 alkot\u00f3k bemutat\u00e1sa a k\u00fclf\u00f6ldi szc\u00e9na k\u00e9pvisel\u0151ivel egyetemben, m\u00e1sodsorban a vide\u00f3m\u0171v\u00e9szet megismertet\u00e9se, felkarol\u00e1sa. T\u00f6bb helysz\u00ednv\u00e1lt\u00e1s ut\u00e1n, most rem\u00e9lhet\u0151leg megtal\u00e1ltuk a v\u00e9gleges helysz\u00ednt, a [&hellip;]<\/p>\n","protected":false},"author":1,"featured_media":0,"parent":0,"comment_status":"open","ping_status":"open","sticky":false,"template":"","format":"standard","meta":{"_acf_changed":false,"footnotes":""},"categories":[3],"tags":[],"class_list":["post-821109","post","type-post","status-publish","format-standard","hentry","category-hirek"],"acf":[],"_links":{"self":[{"href":"https:\/\/exindex.hu\/hu\/wp-json\/wp\/v2\/posts\/821109","targetHints":{"allow":["GET"]}}],"collection":[{"href":"https:\/\/exindex.hu\/hu\/wp-json\/wp\/v2\/posts"}],"about":[{"href":"https:\/\/exindex.hu\/hu\/wp-json\/wp\/v2\/types\/post"}],"author":[{"embeddable":true,"href":"https:\/\/exindex.hu\/hu\/wp-json\/wp\/v2\/users\/1"}],"replies":[{"embeddable":true,"href":"https:\/\/exindex.hu\/hu\/wp-json\/wp\/v2\/comments?post=821109"}],"version-history":[{"count":0,"href":"https:\/\/exindex.hu\/hu\/wp-json\/wp\/v2\/posts\/821109\/revisions"}],"wp:attachment":[{"href":"https:\/\/exindex.hu\/hu\/wp-json\/wp\/v2\/media?parent=821109"}],"wp:term":[{"taxonomy":"category","embeddable":true,"href":"https:\/\/exindex.hu\/hu\/wp-json\/wp\/v2\/categories?post=821109"},{"taxonomy":"post_tag","embeddable":true,"href":"https:\/\/exindex.hu\/hu\/wp-json\/wp\/v2\/tags?post=821109"}],"curies":[{"name":"wp","href":"https:\/\/api.w.org\/{rel}","templated":true}]}}