{"id":821110,"date":"2010-10-29T17:53:23","date_gmt":"2010-10-29T16:53:23","guid":{"rendered":"https:\/\/exindex.hu\/?p=821110"},"modified":"2010-10-29T17:54:25","modified_gmt":"2010-10-29T16:54:25","slug":"terfigyelo","status":"publish","type":"post","link":"https:\/\/exindex.hu\/hu\/hirek\/terfigyelo\/","title":{"rendered":"T\u00e9rfigyel\u0151"},"content":{"rendered":"<p>A Fiatalok Fot\u00f3m\u0171v\u00e9szeti St\u00fadi\u00f3ja csoportos ki\u00e1ll\u00edt\u00e1sa<\/p>\r\n\r\n<p>Fogash\u00e1z (Budapest VII., Ak\u00e1cfa utca 51.)<br \/>\r\n <strong>2010. okt\u00f3ber 30. &#8211; november 18. <\/strong><br \/>\r\n(nyitva: h\u00e9tf\u0151-szombat 10-t\u0151l, vas\u00e1rnap 16-t\u00f3l hajnalig)<\/p>\r\n\r\n<p>Ki\u00e1ll\u00edt\u00f3k: Alpern Bernadett, Czig\u00e1ny \u00c1kos, Dezs\u0151 T. Tam\u00e1s, Kasza G\u00e1bor, Landthaller Judit, M\u00f3r\u00f3 M\u00e1t\u00e9, P\u00e9ter Ildik\u00f3, Rapi Mariann, Sprenc Bal\u00e1zs, V\u00e1g\u00f3-L\u00e9vai Katalin<\/p>\r\n\r\n<p>Az FFS aktu\u00e1lis ki\u00e1ll\u00edt\u00e1sa a v\u00e1rossal, a v\u00e1rosk\u00e9ppel foglalkozik. A teret figyelni minden fotogr\u00e1fiai korszak egyik kedvelt t\u00e9m\u00e1ja. De vajon a v\u00e1ros m\u00e1s-m\u00e1s pontjain aktu\u00e1lisan l\u00e1that\u00f3 Herv\u00e9- \u00e9s Munk\u00e1csi-ki\u00e1ll\u00edt\u00e1sok v\u00e1rosk\u00e9p\u00e9hez viszony\u00edtva mi van ma a t\u00e9ren? Mire figyel \u00e9s hogyan mutatja a ma fotogr\u00e1fusa egy nagyv\u00e1ros arc\u00e1t?<\/p>\r\n\r\n<p><a href=\"\/wp-content\/uploads\/x\/terfigyelo.jpg\"><img loading=\"lazy\" decoding=\"async\" class=\"aligncenter size-medium wp-image-1111\" src=\"\/wp-content\/uploads\/x\/terfigyelo-450x358.jpg\" alt=\"\" width=\"450\" height=\"358\" \/><\/a><\/p>\r\n\r\n<p>A ki\u00e1ll\u00edt\u00e1st megnyitja Oltai Kata, 2010. okt\u00f3ber 29.-\u00e9n 18 \u00f3rakor.<\/p>","protected":false},"excerpt":{"rendered":"<p>A Fiatalok Fot\u00f3m\u0171v\u00e9szeti St\u00fadi\u00f3ja csoportos ki\u00e1ll\u00edt\u00e1sa Fogash\u00e1z (Budapest VII., Ak\u00e1cfa utca 51.) 2010. okt\u00f3ber 30. &#8211; november 18. (nyitva: h\u00e9tf\u0151-szombat 10-t\u0151l, vas\u00e1rnap 16-t\u00f3l hajnalig) Ki\u00e1ll\u00edt\u00f3k: Alpern Bernadett, Czig\u00e1ny \u00c1kos, Dezs\u0151 T. Tam\u00e1s, Kasza G\u00e1bor, Landthaller Judit, M\u00f3r\u00f3 M\u00e1t\u00e9, P\u00e9ter Ildik\u00f3, Rapi Mariann, Sprenc Bal\u00e1zs, V\u00e1g\u00f3-L\u00e9vai Katalin Az FFS aktu\u00e1lis ki\u00e1ll\u00edt\u00e1sa a v\u00e1rossal, a v\u00e1rosk\u00e9ppel foglalkozik. [&hellip;]<\/p>\n","protected":false},"author":1,"featured_media":821111,"parent":0,"comment_status":"open","ping_status":"open","sticky":false,"template":"","format":"standard","meta":{"_acf_changed":false,"footnotes":""},"categories":[3],"tags":[],"class_list":["post-821110","post","type-post","status-publish","format-standard","has-post-thumbnail","hentry","category-hirek"],"acf":[],"_links":{"self":[{"href":"https:\/\/exindex.hu\/hu\/wp-json\/wp\/v2\/posts\/821110","targetHints":{"allow":["GET"]}}],"collection":[{"href":"https:\/\/exindex.hu\/hu\/wp-json\/wp\/v2\/posts"}],"about":[{"href":"https:\/\/exindex.hu\/hu\/wp-json\/wp\/v2\/types\/post"}],"author":[{"embeddable":true,"href":"https:\/\/exindex.hu\/hu\/wp-json\/wp\/v2\/users\/1"}],"replies":[{"embeddable":true,"href":"https:\/\/exindex.hu\/hu\/wp-json\/wp\/v2\/comments?post=821110"}],"version-history":[{"count":0,"href":"https:\/\/exindex.hu\/hu\/wp-json\/wp\/v2\/posts\/821110\/revisions"}],"wp:featuredmedia":[{"embeddable":true,"href":"https:\/\/exindex.hu\/hu\/wp-json\/wp\/v2\/media\/821111"}],"wp:attachment":[{"href":"https:\/\/exindex.hu\/hu\/wp-json\/wp\/v2\/media?parent=821110"}],"wp:term":[{"taxonomy":"category","embeddable":true,"href":"https:\/\/exindex.hu\/hu\/wp-json\/wp\/v2\/categories?post=821110"},{"taxonomy":"post_tag","embeddable":true,"href":"https:\/\/exindex.hu\/hu\/wp-json\/wp\/v2\/tags?post=821110"}],"curies":[{"name":"wp","href":"https:\/\/api.w.org\/{rel}","templated":true}]}}