{"id":821112,"date":"2010-11-02T17:38:41","date_gmt":"2010-11-02T16:38:41","guid":{"rendered":"https:\/\/exindex.hu\/?p=821112"},"modified":"2010-11-02T17:40:34","modified_gmt":"2010-11-02T16:40:34","slug":"zoe-gray-eloadasa","status":"publish","type":"post","link":"https:\/\/exindex.hu\/hu\/hirek\/zoe-gray-eloadasa\/","title":{"rendered":"Zo\u00eb Gray el\u0151ad\u00e1sa"},"content":{"rendered":"<p>Az ACAX | Nemzetk\u00f6zi Kort\u00e1rs K\u00e9pz\u0151m\u0171v\u00e9szeti Iroda <em>Check in Budapest<\/em> nemzetk\u00f6zi kur\u00e1tori vizitorprogramj\u00e1nak k\u00f6vetkez\u0151 vend\u00e9ge<\/p>\r\n\r\n<p><strong>Zo\u00eb Gray<\/strong> a rotterdami Witte de With, Center for Contemporary Art kur\u00e1tora.<\/p>\r\n\r\n<p>Zo\u00eb Gray el\u0151ad\u00e1s\u00e1ban saj\u00e1t kur\u00e1tori gyakorlat\u00e1r\u00f3l, valamint a <a href=\"http:\/\/www.wdw.nl\/\" target=\"_blank\">Witte de With<\/a> kort\u00e1rs m\u0171v\u00e9szeti int\u00e9zetr\u0151l besz\u00e9l, els\u0151sorban a Marcel Duchamp d\u00edjas Sa\u00e2dane Afif 2008-as <a href=\"http:\/\/www.wdw.nl\/project.php?id=174\" target=\"_blank\"><em>Technical Specifications<\/em><\/a> \u00e9s <a href=\"http:\/\/www.wdw.nl\/project.php?id=218\" target=\"_blank\">Cosima von Bonin<\/a> jelenleg is l\u00e1that\u00f3 egy\u00e9ni ki\u00e1ll\u00edt\u00e1s\u00e1ra f\u00f3kusz\u00e1lva.<\/p>\r\n\r\n<p>Id\u0151pont:<strong> 2010. november 4. (cs\u00fct\u00f6rt\u00f6k) 18.00<\/strong><br \/>\r\n Helysz\u00edn: LudwigInzert (1085 Budapest, J\u00f3zsef krt. 70, a J\u00f3zsef k\u00f6r\u00fat \u00e9s a Nap utca sark\u00e1n)<\/p>\r\n\r\n<p>Minden \u00e9rdekl\u0151d\u0151t szeretettel v\u00e1runk! Az el\u0151ad\u00e1s nyelve angol.<\/p>\r\n\r\n<p>Zo\u00eb Gray (1978) Rotterdamban \u00e9l\u0151 m\u0171v\u00e9szett\u00f6rt\u00e9n\u00e9sz 2006 \u00f3ta a Witte de With, Center for Contemporary Art Rotterdam kur\u00e1tora. Diplom\u00e1it a Univeritsy of Cambridge m\u0171v\u00e9szett\u00f6rt\u00e9net szak\u00e1n, majd a Goldsmith College University of London kur\u00e1tori k\u00e9pz\u00e9s\u00e9n szerezte. 2006 \u00f3ta sz\u00e1mos egy\u00e9ni ki\u00e1ll\u00edt\u00e1s kur\u00e1tora a Witte de With-ben, t\u00f6bbek k\u00f6z\u00f6tt Billy Apple, Brian Jungen, Tue Greenfort, Margaret Salmon, Geoffrey Farmer, Sa\u00e2dane Afif, Annette Kelm, Gareth Moore, Liam Gillick, Keren Cytter, Manon de Boer \u00e9s Cosima von Bonin ki\u00e1ll\u00edt\u00e1sai f\u0171z\u0151dnek a nev\u00e9hez. Zo\u00eb Gray volt a kur\u00e1tora Cyprien Gaillard Stroom Den Haag-ban rendezett <em>B\u00e9ton Belvedere <\/em>c\u00edm\u0171 t\u00e1rlat\u00e1nak (2009), valamint Charles Mason \u00e9s Laura White <em>Urban Formalism<\/em> c\u00edm\u0171 ki\u00e1ll\u00edt\u00e1s\u00e1nak a bordeaux-i CAPC Mus\u00e9e d\u2019art contemporain-ban \u00e9s Galerie Cortex Athletico-ban (2005). 2011 j\u00fanius\u00e1ban a Pougues-les-Eaux-i (Franciaorsz\u00e1g) Parc Saint Leger vend\u00e9gkur\u00e1tora lesz.<br \/>\r\n Kur\u00e1tori munk\u00e1ja mellett Gray szervezte a <em>Rotterdam Dialogues: Critics, Curators, Artists<\/em> (2008-9) \u00e9s a <em>The Periphery Complex<\/em> (2007) c\u00edm\u0171 nemzetk\u00f6zi szimp\u00f3ziumokat \u00e9s \u0151 \u00e1ll\u00edtotta \u00f6ssze a Witte de With <em>Morality<\/em> c\u00edm\u0171 projektj\u00e9nek filmprogramj\u00e1t.<br \/>\r\n A Witte de With kiadv\u00e1nyai mellett Zo\u00eb Gray a Metropolis M, a Fucking Good Art, a The Fillip Review, a Wasafiri Journal of Postcolonial Writing \u00e9s a Contemporary Magazine foly\u00f3iratokban publik\u00e1lt. Essz\u00e9i jelentek meg az <em>Anette Kelm<\/em> (Walther Koenig Books, K\u00f6ln (2009) \u00e9s a <em>Land Art: A Cultural Ecology Handbook<\/em> (RSA, London (2006) c\u00edm\u0171 k\u00f6tetekben.<\/p>\r\n\r\n<p><br class=\"spacer_\" \/><\/p>","protected":false},"excerpt":{"rendered":"<p>Az ACAX | Nemzetk\u00f6zi Kort\u00e1rs K\u00e9pz\u0151m\u0171v\u00e9szeti Iroda Check in Budapest nemzetk\u00f6zi kur\u00e1tori vizitorprogramj\u00e1nak k\u00f6vetkez\u0151 vend\u00e9ge Zo\u00eb Gray a rotterdami Witte de With, Center for Contemporary Art kur\u00e1tora. Zo\u00eb Gray el\u0151ad\u00e1s\u00e1ban saj\u00e1t kur\u00e1tori gyakorlat\u00e1r\u00f3l, valamint a Witte de With kort\u00e1rs m\u0171v\u00e9szeti int\u00e9zetr\u0151l besz\u00e9l, els\u0151sorban a Marcel Duchamp d\u00edjas Sa\u00e2dane Afif 2008-as Technical Specifications \u00e9s Cosima von [&hellip;]<\/p>\n","protected":false},"author":1,"featured_media":0,"parent":0,"comment_status":"open","ping_status":"open","sticky":false,"template":"","format":"standard","meta":{"_acf_changed":false,"footnotes":""},"categories":[3],"tags":[],"class_list":["post-821112","post","type-post","status-publish","format-standard","hentry","category-hirek"],"acf":[],"_links":{"self":[{"href":"https:\/\/exindex.hu\/hu\/wp-json\/wp\/v2\/posts\/821112","targetHints":{"allow":["GET"]}}],"collection":[{"href":"https:\/\/exindex.hu\/hu\/wp-json\/wp\/v2\/posts"}],"about":[{"href":"https:\/\/exindex.hu\/hu\/wp-json\/wp\/v2\/types\/post"}],"author":[{"embeddable":true,"href":"https:\/\/exindex.hu\/hu\/wp-json\/wp\/v2\/users\/1"}],"replies":[{"embeddable":true,"href":"https:\/\/exindex.hu\/hu\/wp-json\/wp\/v2\/comments?post=821112"}],"version-history":[{"count":0,"href":"https:\/\/exindex.hu\/hu\/wp-json\/wp\/v2\/posts\/821112\/revisions"}],"wp:attachment":[{"href":"https:\/\/exindex.hu\/hu\/wp-json\/wp\/v2\/media?parent=821112"}],"wp:term":[{"taxonomy":"category","embeddable":true,"href":"https:\/\/exindex.hu\/hu\/wp-json\/wp\/v2\/categories?post=821112"},{"taxonomy":"post_tag","embeddable":true,"href":"https:\/\/exindex.hu\/hu\/wp-json\/wp\/v2\/tags?post=821112"}],"curies":[{"name":"wp","href":"https:\/\/api.w.org\/{rel}","templated":true}]}}