{"id":821113,"date":"2010-11-04T11:26:43","date_gmt":"2010-11-04T10:26:43","guid":{"rendered":"https:\/\/exindex.hu\/?p=821113"},"modified":"2010-11-05T16:38:49","modified_gmt":"2010-11-05T15:38:49","slug":"az-aviva-dij-nyertese","status":"publish","type":"post","link":"https:\/\/exindex.hu\/hu\/hirek\/az-aviva-dij-nyertese\/","title":{"rendered":"Az Aviva-d\u00edj nyertese"},"content":{"rendered":"<p>A brutt\u00f3 \u00f6tmilli\u00f3 forinttal j\u00e1r\u00f3 d\u00edjat a <em>Soci\u00e9t\u00e9 R\u00e9aliste<\/em> n\u00e9ven  alkot\u00f3 du\u00f3, Gr\u00f3f Ferenc \u00e9s Jean-Baptiste Naudy nyerte el. A brutt\u00f3 \u00f6tsz\u00e1zezer forinttal j\u00e1r\u00f3 k\u00f6z\u00f6ns\u00e9gd\u00edjat a <em>Tehnica Schweiz<\/em> m\u0171v\u00e9szp\u00e1ros, L\u00e1szl\u00f3 Gergely \u00e9s R\u00e1kosi P\u00e9ter kapta.<\/p>\r\n\r\n<p><a href=\"\/wp-content\/uploads\/x\/svejc_x.jpg\"><img loading=\"lazy\" decoding=\"async\" class=\"aligncenter size-medium wp-image-1118\" src=\"\/wp-content\/uploads\/x\/svejc_x-450x253.jpg\" alt=\"\" width=\"450\" height=\"253\" \/><\/a><\/p>\r\n\r\n<p>Az els\u0151sorban fot\u00f3munk\u00e1ir\u00f3l ismert k\u00e9t m\u0171v\u00e9sz, L\u00e1szl\u00f3 Gergely \u00e9s R\u00e1kosi P\u00e9ter 2004 \u00f3ta dolgozik egy\u00fctt Tehnica Schweiz n\u00e9ven.<\/p>\r\n\r\n<p>A du\u00f3 egy\u00fcttm\u0171k\u00f6d\u00e9s\u00e9nek hajt\u00f3ereje a k\u00f6z\u00f6ss\u00e9gteremt\u00e9s.  Munkam\u00f3dszer\u00fckb\u0151l k\u00f6vetkez\u0151en a munkafolyamat r\u00e9szek\u00e9nt kezelt  ki\u00e1ll\u00edt\u00e1son val\u00f3 prezent\u00e1ci\u00f3 sz\u00e1mos esetben mint a projekt egyik  \u00e1llom\u00e1sa,\u00a0 mint egy mobil \u2013 az adott t\u00e9rre, szitu\u00e1ci\u00f3ra, k\u00f6zegre  reflekt\u00e1l\u00f3-install\u00e1ci\u00f3 \u00e9rtelmez\u0151dik.<\/p>\r\n\r\n<p>Az alapvet\u0151 eszk\u00f6zk\u00e9nt haszn\u00e1lt fot\u00f3 nem csup\u00e1n a kiv\u00e1lasztott k\u00f6zeg \/  szitu\u00e1ci\u00f3 megismer\u00e9s\u00e9nek m\u00f3dja, a folyamat dokument\u00e1ci\u00f3ja, hanem sz\u00e1mos  esetben a k\u00f6z\u00f6ss\u00e9g fel\u00e9 tett gesztus (aj\u00e1nd\u00e9k) is, amellyel  folyamatosan k\u00e9rd\u00e9seket gener\u00e1lnak a m\u00e9dium, az azzal val\u00f3 munka, a  dokument\u00e1l\u00e1s \u00e9s meg\u0151rz\u00e9s lehets\u00e9ges szerepeivel, illetve mag\u00e1nak a  m\u0171v\u00e9szeti tev\u00e9kenys\u00e9gnek az alapvet\u00e9seivel \u00e9s t\u00e1rsadalmi funkci\u00f3ival  kapcsolatban.<\/p>\r\n\r\n<p>Els\u0151 k\u00f6z\u00f6s projektj\u00fck az 1848-as t\u00e1pi\u00f3bicskei csata eml\u00e9k\u00e9t \u00e1pol\u00f3 hagyom\u00e1ny\u0151rz\u0151kkel k\u00e9sz\u00edtett sorozat (<em>Ing\u00e1z\u00f3 t\u00fcz\u00e9rek<\/em>, 2004\u20132006) az eml\u00e9kezet-t\u00f6rt\u00e9net egy speci\u00e1lis aspektus\u00e1hoz, a t\u00f6rt\u00e9nelmi \u00fajraj\u00e1tsz\u00e1shoz kapcsol\u00f3dik. A <em>Csoportk\u00e9p a laki cig\u00e1nysoron<\/em> (2005\u20132006) \u00fagy tan\u00faskodik egy k\u00f6z\u00f6ss\u00e9g meg\u00f6r\u00f6k\u00edthet\u0151s\u00e9g\u00e9nek  neh\u00e9zs\u00e9geir\u0151l, hogy k\u00f6zben felmutatja a cig\u00e1nys\u00e1g \u00e9lethelyzet\u00e9nek  sztereot\u00edpi\u00e1kkal terhelt megk\u00f6zel\u00edt\u00e9s\u00e9nek, a szocio- \u00e9s az etnogr\u00e1fiai  fot\u00f3z\u00e1s dilemm\u00e1it. A <em>Kempelen k\u00f6r\u00fat <\/em>az egykori korm\u00e1nybiztos  Kempelen Farkas 240 \u00e9vvel ezel\u0151tti b\u00e1ns\u00e1gi utaz\u00e1s\u00e1nak  fot\u00f3essz\u00e9-rekonstrukci\u00f3j\u00e1ban teremt lehet\u0151s\u00e9get a r\u00e9gi\u00f3  kultur\u00e1lis-gazdas\u00e1gi-politikai t\u00f6rt\u00e9net\u00e9r\u0151l val\u00f3 gondolkod\u00e1sra.<\/p>\r\n\r\n<p>Az 1960\u201370-es \u00e9vekben a munk\u00e1sok sz\u00e1m\u00e1ra \u00e9p\u00edtett gar\u00e1zssoron l\u00e9trehozott <em>Gar\u00e1zs Fesztiv\u00e1l<\/em> (2008\u20132009) Duna\u00fajv\u00e1rosban a k\u00f6zt\u00e9ri m\u0171v\u00e9szet saj\u00e1tos verzi\u00f3jak\u00e9nt \u00e9rtelmezhet\u0151, m\u00edg legutols\u00f3 projektj\u00fck a <em>Jad Hanna \u2013 A kollekt\u00edv ember<\/em>,  (2008\u20132010) csal\u00e1dt\u00f6rt\u00e9neti ind\u00edttat\u00e1s\u00fa. L\u00e1szl\u00f3 Gergely t\u00f6bb\u00e9ves  kutat\u00f3munk\u00e1j\u00e1n alapul\u00f3 kibuct\u00f6rt\u00e9net feldolgoz\u00e1sa \u00e9s bemutat\u00e1sa a  purimj\u00e1t\u00e9kok hagyom\u00e1ny\u00e1t \u00e9s szerkezet\u00e9t k\u00f6veti.<\/p>\r\n\r\n<p>(P\u00e1ldi L\u00edvia)<\/p>\r\n\r\n<p><a href=\"\/wp-content\/uploads\/x\/sr.jpg\"><img loading=\"lazy\" decoding=\"async\" class=\"aligncenter size-medium wp-image-1115\" src=\"\/wp-content\/uploads\/x\/sr-450x300.jpg\" alt=\"\" width=\"450\" height=\"300\" \/><\/a><\/p>\r\n\r\n<p><a href=\"http:\/\/www.societerealiste.net\/\" target=\"_blank\">Soci\u00e9t\u00e9 R\u00e9aliste<\/a> n\u00e9ven jegyzik a nemzetk\u00f6zi m\u0171v\u00e9szeti sz\u00ednt\u00e9ren Gr\u00f3f  Ferenc (1972, P\u00e9cs) \u00e9s Jean-Baptiste Naudy (1982, P\u00e1rizs) m\u0171v\u00e9szp\u00e1ros  k\u00f6z\u00f6s munk\u00e1j\u00e1t, akik 2004 \u00f3ta dolgoznak egy\u00fctt P\u00e1rizsban.<\/p>\r\n\r\n<p>Szerte\u00e1gaz\u00f3 \u00e9s  interdiszciplin\u00e1ris m\u0171v\u00e9szi aktivit\u00e1suk m\u0171k\u00f6d\u00e9si terr\u00e9num\u00e1nak le\u00edr\u00e1s\u00e1ra  olyan szokatlan terminusokat haszn\u00e1lnak, mint politikai design,  k\u00eds\u00e9rleti k\u00f6zgazdas\u00e1gtan, territori\u00e1lis ergon\u00f3mia \u00e9s t\u00e1rsadalmi  manipul\u00e1ci\u00f3s technol\u00f3gi\u00e1k.<\/p>\r\n\r\n<p>A hagyom\u00e1nyos ki\u00e1ll\u00edt\u00e1si \u00e9s publik\u00e1ci\u00f3s  form\u00e1k mellett, egyenrang\u00fa m\u00e9diumk\u00e9nt tekintenek a projektjeiket \u00e9s  ide\u00e1ikat komplex m\u00f3don bemutat\u00f3 nyilv\u00e1nos el\u0151ad\u00e1sokra, a konferencia  r\u00e9szv\u00e9telekre \u00e9s a kritikai diskurzusokat gener\u00e1l\u00f3 panelbesz\u00e9lget\u00e9sekre.<\/p>\r\n\r\n<p>Egy-egy k\u00e9rd\u00e9sk\u00f6rt szisztematikusan felt\u00e9rk\u00e9pez\u0151, a statisztika, az  infokommunik\u00e1ci\u00f3s design, a tipogr\u00e1fia eszk\u00f6zt\u00e1r\u00e1t felhaszn\u00e1l\u00f3  projektjeikben a geopolitikai rendszerek m\u0171k\u00f6d\u00e9s\u00e9nek finomszerkezet\u00e9t  vizsg\u00e1lj\u00e1k, a szociokultur\u00e1lis \u00e9s gazdas\u00e1gpolitikai logik\u00e1k egym\u00e1sra  hat\u00e1s\u00e1t \u00e9s az egy\u00e9nt \u00e9rint\u0151 k\u00f6zvetlen konzekvenci\u00e1ikat.<\/p>\r\n\r\n<p>EU Green Card  Lottery elnevez\u00e9s\u0171 projektj\u00fck egy internet alap\u00fa, fikt\u00edv \u00fcgyn\u00f6ks\u00e9g,  amely a nemzetk\u00f6zi migr\u00e1ci\u00f3 glob\u00e1lis problematik\u00e1j\u00e1val szembes\u00edt az  Eur\u00f3pai Uni\u00f3 rendszer\u00e9n bel\u00fcl.<\/p>\r\n\r\n<p>Transitioners c\u00edm\u0171, 2006 \u00f3ta folyamatosan  fejlesztett munk\u00e1juk egy design-\u00fcgyn\u00f6ks\u00e9g politikai  marketing-strat\u00e9giai szolg\u00e1ltat\u00e1sainak m\u00f3dj\u00e1ra elemzi a politikai  \u00e1tmenetek k\u00fcl\u00f6nb\u00f6z\u0151 megval\u00f3sul\u00e1si form\u00e1inak vizualiz\u00e1lhat\u00f3 tartalmait.<\/p>\r\n\r\n<p>Marka n\u00e9v alatt fut\u00f3 projektjeik a p\u00e9nz \u00e9s a gazdas\u00e1gi-hatalmi poz\u00edci\u00f3k  speci\u00e1lis geopolitikai strat\u00e9gi\u00e1inak t\u00f6rt\u00e9net\u00e9t vizsg\u00e1lja eur\u00f3pai  dimenzi\u00f3kban, m\u00edg a Ponzi\u2019s elnevez\u00e9s\u0171 modell-javaslatuk a  piramisj\u00e1t\u00e9kok szervezeti fel\u00e9p\u00edt\u00e9s\u00e9nek \u00e9s m\u0171k\u00f6d\u00e9si elv\u00e9nek tanuls\u00e1gait  k\u00edv\u00e1nja \u00e1t\u00fcltetni a kort\u00e1rs m\u0171v\u00e9szeti szc\u00e9n\u00e1k hat\u00e9kony fejleszt\u00e9s\u00e9nek  \u00e9rdek\u00e9ben.<\/p>\r\n\r\n<p>Az elm\u00falt \u00e9vekben a csoportot megh\u00edvt\u00e1k az Isztanbuli \u00e9s a  Lyoni Bienn\u00e1l\u00e9ra, r\u00e9szt vettek a Documenta 12 el\u0151ad\u00e1ssorozat\u00e1ban,  folyamatos szerepl\u0151i hazai \u00e9s nemzetk\u00f6zi csoportos ki\u00e1ll\u00edt\u00e1soknak \u00e9s  sz\u00e1mos \u00f6n\u00e1ll\u00f3 projekttel mutatkoztak be jelent\u0151s eur\u00f3pai m\u00fazeumokban \u00e9s  mag\u00e1ngal\u00e9ri\u00e1kban.<\/p>\r\n\r\n<p>(Bencsik Barnab\u00e1s)<\/p>\r\n\r\n<p><a href=\"\/wp-content\/uploads\/x\/aviva10_soc.jpg\"><img loading=\"lazy\" decoding=\"async\" class=\"aligncenter size-medium wp-image-1119\" src=\"\/wp-content\/uploads\/x\/aviva10_soc-450x253.jpg\" alt=\"\" width=\"450\" height=\"253\" \/><\/a><\/p>","protected":false},"excerpt":{"rendered":"<p>A brutt\u00f3 \u00f6tmilli\u00f3 forinttal j\u00e1r\u00f3 d\u00edjat a Soci\u00e9t\u00e9 R\u00e9aliste n\u00e9ven alkot\u00f3 du\u00f3, Gr\u00f3f Ferenc \u00e9s Jean-Baptiste Naudy nyerte el. A brutt\u00f3 \u00f6tsz\u00e1zezer forinttal j\u00e1r\u00f3 k\u00f6z\u00f6ns\u00e9gd\u00edjat a Tehnica Schweiz m\u0171v\u00e9szp\u00e1ros, L\u00e1szl\u00f3 Gergely \u00e9s R\u00e1kosi P\u00e9ter kapta. Az els\u0151sorban fot\u00f3munk\u00e1ir\u00f3l ismert k\u00e9t m\u0171v\u00e9sz, L\u00e1szl\u00f3 Gergely \u00e9s R\u00e1kosi P\u00e9ter 2004 \u00f3ta dolgozik egy\u00fctt Tehnica Schweiz n\u00e9ven. A du\u00f3 [&hellip;]<\/p>\n","protected":false},"author":1,"featured_media":821115,"parent":0,"comment_status":"open","ping_status":"open","sticky":false,"template":"","format":"standard","meta":{"_acf_changed":false,"footnotes":""},"categories":[3],"tags":[],"class_list":["post-821113","post","type-post","status-publish","format-standard","has-post-thumbnail","hentry","category-hirek"],"acf":[],"_links":{"self":[{"href":"https:\/\/exindex.hu\/hu\/wp-json\/wp\/v2\/posts\/821113","targetHints":{"allow":["GET"]}}],"collection":[{"href":"https:\/\/exindex.hu\/hu\/wp-json\/wp\/v2\/posts"}],"about":[{"href":"https:\/\/exindex.hu\/hu\/wp-json\/wp\/v2\/types\/post"}],"author":[{"embeddable":true,"href":"https:\/\/exindex.hu\/hu\/wp-json\/wp\/v2\/users\/1"}],"replies":[{"embeddable":true,"href":"https:\/\/exindex.hu\/hu\/wp-json\/wp\/v2\/comments?post=821113"}],"version-history":[{"count":0,"href":"https:\/\/exindex.hu\/hu\/wp-json\/wp\/v2\/posts\/821113\/revisions"}],"wp:featuredmedia":[{"embeddable":true,"href":"https:\/\/exindex.hu\/hu\/wp-json\/wp\/v2\/media\/821115"}],"wp:attachment":[{"href":"https:\/\/exindex.hu\/hu\/wp-json\/wp\/v2\/media?parent=821113"}],"wp:term":[{"taxonomy":"category","embeddable":true,"href":"https:\/\/exindex.hu\/hu\/wp-json\/wp\/v2\/categories?post=821113"},{"taxonomy":"post_tag","embeddable":true,"href":"https:\/\/exindex.hu\/hu\/wp-json\/wp\/v2\/tags?post=821113"}],"curies":[{"name":"wp","href":"https:\/\/api.w.org\/{rel}","templated":true}]}}