{"id":821116,"date":"2010-11-05T16:11:11","date_gmt":"2010-11-05T15:11:11","guid":{"rendered":"https:\/\/exindex.hu\/?p=821116"},"modified":"2010-11-05T16:14:58","modified_gmt":"2010-11-05T15:14:58","slug":"egy-utca-anatomiaja","status":"publish","type":"post","link":"https:\/\/exindex.hu\/hu\/hirek\/egy-utca-anatomiaja\/","title":{"rendered":"Egy utca anat\u00f3mi\u00e1ja"},"content":{"rendered":"<p>Egy utca anat\u00f3mi\u00e1ja: kutat\u00e1sok \u00e9s beavatkoz\u00e1sok a poszt-szocialista v\u00e1rosi t\u00e9rben<br \/>\r\n <em>M\u0171v\u00e9szeti, \u00e9p\u00edt\u00e9szeti \u00e9s civil kezdem\u00e9nyez\u00e9sek Kelet-K\u00f6z\u00e9p-Eur\u00f3p\u00e1ban<\/em><\/p>\r\n\r\n<p><strong>2010. november 7.<\/strong><br \/>\r\n Labor (1053 Budapest, K\u00e9p\u00edr\u00f3 u. 6. )<\/p>\r\n\r\n<p>A K\u00c9K \u2013 Kort\u00e1rs \u00c9p\u00edt\u00e9szeti K\u00f6zpont, a MoME \u00e9s a BME k\u00f6z\u00f6s, angol nyelv\u0171 programja<\/p>\r\n\r\n<p>Az elm\u00falt 20 \u00e9v politikai, gazdas\u00e1gi, t\u00e1rsadalmi \u00e9s kultur\u00e1lis  v\u00e1ltoz\u00e1sai Kelet-K\u00f6z\u00e9p-Eur\u00f3p\u00e1ban a v\u00e1rosok jelent\u0151s \u00e1talakul\u00e1s\u00e1t is  eredm\u00e9nyezt\u00e9k. A r\u00e9gi\u00f3 v\u00e1rosai hasonl\u00f3 probl\u00e9m\u00e1kkal k\u00fcszk\u00f6dnak, \u00e9s  gyakran ugyanazokkal a kih\u00edv\u00e1sokkal k\u00e9nyszer\u00fclnek szemben\u00e9zni. M\u00e9gis, e  v\u00e1rosok k\u00f6z\u00f6tt igen korl\u00e1tozott a tapasztalatcsere: ezt a hi\u00e1nyt  hivatott p\u00f3tolni a K\u00c9K \u00e1ltal szervezett tal\u00e1lkoz\u00f3. A k\u00fcl\u00f6nb\u00f6z\u0151  politikai, gazdas\u00e1gi \u00e9s t\u00e1rsadalmi v\u00edzi\u00f3k csatatereiv\u00e9 v\u00e1l\u00f3 v\u00e1rosok \u00faj  kih\u00edv\u00e1saira sz\u00e1mos politikai v\u00e1lasz sz\u00fcletett \u2013 de ezzel p\u00e1rhuzamosan a  szakmai, civil \u00e9s kultur\u00e1lis szf\u00e9r\u00e1k tal\u00e1lkoz\u00f3pontjain is megkezd\u0151d\u00f6tt a  v\u00e1rosok \u00e1talakul\u00e1s\u00e1r\u00f3l sz\u00f3l\u00f3 gondolkod\u00e1s. \u00c9p\u00edt\u00e9szek, k\u00e9pz\u0151m\u0171v\u00e9szek \u00e9s  aktivist\u00e1k k\u00f6z\u00f6s munk\u00e1ja eredm\u00e9nyek\u00e9ppen sz\u00e1mos innovat\u00edv \u00e9s mer\u00e9sz  \u00f6tlet, megold\u00e1s, projekt sz\u00fcletett.<\/p>\r\n\r\n<p>Milyen \u00faj m\u00f3dszerekkel \u00e9s eszk\u00f6z\u00f6kkel k\u00f6zel\u00edthat\u0151 meg a kort\u00e1rs v\u00e1ros?  Melyek a tal\u00e1lkoz\u00e1si pontok az \u00e9p\u00edt\u00e9szet, a k\u00e9pz\u0151m\u0171v\u00e9szet, az  urbanisztika \u00e9s az aktivizmus k\u00f6z\u00f6tt? Mi a szerepe kutat\u00e1snak \u00e9s a  beavatkoz\u00e1snak a v\u00e1rossal foglalkoz\u00f3 kultur\u00e1lis projektekben? Hogyan  k\u00e9pes egy kultur\u00e1lis projekt hat\u00e1st gyakorolni a v\u00e1rosi d\u00f6nt\u00e9shoz\u00f3kra? A  tal\u00e1lkoz\u00f3 ezekre a k\u00e9rd\u00e9sekre keres v\u00e1laszt.<\/p>\r\n\r\n<p>A tal\u00e1lkoz\u00f3 els\u0151 r\u00e9sz\u00e9ben az Anatomy of a Street c. nemzetk\u00f6zi kutat\u00e1s  eredm\u00e9nyei ker\u00fclnek bemutat\u00e1sra, ahol Aleksandra Wasilkowska (B\u0119c  Zmiana) \u00e9s Dagmar Petrikova (Slovak Institute of Technology) besz\u00e1mol\u00f3i  mellett Steierhoffer Eszter (Art Network Agency) \u00e9s Poly\u00e1k Levente (K\u00c9K)  k\u00f6z\u00f6s, a 2010. j\u00faliusi London Festival of Architecture-\u00f6n d\u00edjazott  projektje is bemutat\u00e1sra ker\u00fcl. A tal\u00e1lkoz\u00f3 m\u00e1sodik r\u00e9sz\u00e9ben ism\u00e9t a  vars\u00f3i B\u0119c Zmiana k\u00e9pviselet\u00e9ben Grzegorz Pi\u0105tek, a 2008-as Velencei  Bienn\u00e1l\u00e9 Arany Oroszl\u00e1n-gy\u0151ztes pavilonj\u00e1nak kur\u00e1tora besz\u00e9l arr\u00f3l, hogy  milyen eszk\u00f6z\u00f6ket\u00a0 szolg\u00e1ltat a m\u0171v\u00e9szet a v\u00e1rosr\u00f3l sz\u00f3l\u00f3 vita  l\u00e9trehoz\u00e1s\u00e1hoz. Ezt k\u00f6vet\u0151en Jakob Hurrle, a pr\u00e1gai Multicultural Centre  vezet\u0151je mutatja be a migr\u00e1ci\u00f3 v\u00e1rosi jelens\u00e9geit vizsg\u00e1l\u00f3 programjait,  majd Constantin Goagea, a bukaresti Zeppelin vezet\u0151je besz\u00e9l a  szervezet bukaresti lak\u00f3telepek k\u00f6ztereinek probl\u00e9m\u00e1ira megold\u00e1st keres\u0151  programjair\u00f3l. A prezent\u00e1ci\u00f3kat Ivan Kucina, a belgr\u00e1di \u00c9p\u00edt\u00e9szkar \u00e9s a  New York-i Parsons the New School of Design tan\u00e1ra, a Belgr\u00e1di  Nemzetk\u00f6zi \u00c9p\u00edt\u00e9szeti H\u00e9t programigazgat\u00f3ja z\u00e1rja, az \u00f6nszab\u00e1lyoz\u00f3  v\u00e1rosi folyamatokr\u00f3l sz\u00f3l\u00f3 el\u0151ad\u00e1s\u00e1val.<\/p>\r\n\r\n<p>Program<\/p>\r\n\r\n<p>14.00 Steierhoffer Eszter &amp; Poly\u00e1k Levente: Anatomy of a Street: Budapest, P\u00e9cs, London<\/p>\r\n\r\n<p>14.30 Aleksandra Wasilkowska: Anatomy of a Street: Warsaw<\/p>\r\n\r\n<p>15.00 Dagmar Petrikova: Anatomy of a Street: Bratislava<\/p>\r\n\r\n<p>K\u00e9rd\u00e9sek, k\u00e1v\u00e9sz\u00fcnet<\/p>\r\n\r\n<p>16.00 Gregorz Piatek (Bec Zmiana, Warsaw): Debating the City: Art and Cultural Organisations<\/p>\r\n\r\n<p>16.30 Jakob Hurrle (Multicultural Centre, Prague): Cultures from Around the Block<\/p>\r\n\r\n<p>17.00 Constantin Goagea (Zeppelin, Bucharest): Zeppelin: Interventions in Socialist Neighborhoods<\/p>\r\n\r\n<p>17.30 Ivan Kucina (Faculty of Architecture, Belgrade): Conditions of Self-Regulated Urbanity<\/p>\r\n\r\n<p>18.00 K\u00e9rd\u00e9sek, vita<\/p>\r\n\r\n<p class=\"MsoNormal\"><span style=\"font-size: 10pt;\">A r\u00e9sztvev\u0151kr\u0151l\u00a0: <\/span><\/p>\r\n\r\n<p>Steierhoffer Eszter m\u0171v\u00e9szett\u00f6rt\u00e9n\u00e9sz, kur\u00e1tor. Budapesten illetve Olaszorsz\u00e1gban hallgatott m\u0171v\u00e9szet- \u00e9s \u00e9p\u00edt\u00e9szett\u00f6rt\u00e9netet, majd a Royal College of Art-ban szerezte meg kur\u00e1tori (MA) diplom\u00e1j\u00e1t. Jelenleg a Royal College of Art Critical and Historical Studies doktori hallgat\u00f3ja, \u00e9s a Magyar Kultur\u00e1lis K\u00f6zpont <a href=\"http:\/\/www.artnetworkagency.org.uk\/\" target=\"_blank\">Art Network Agency<\/a> programj\u00e1t ir\u00e1ny\u00edtja Londonban. A 2010-es London Festival of Architecture d\u00edjazott magyar projektje, az <em>Anatomy of a Street<\/em> t\u00e1rskur\u00e1tora. <\/p>\r\n\r\n<p>Poly\u00e1k Levente urbanista, kutat\u00f3 \u00e9s kritikus. \u00c9p\u00edt\u00e9szetet, urbanisztik\u00e1t, szociol\u00f3gi\u00e1t \u00e9s m\u0171v\u00e9szetelm\u00e9letet tanult Budapesten \u00e9s P\u00e1rizsban, jelenleg a Moholy-Nagy M\u0171v\u00e9szeti egyetem \u00e9s a Budapesti M\u0171szaki Egyetem oktat\u00f3ja, ahol v\u00e1rosi tanulm\u00e1nyokat \u00e9s \u00e9p\u00edt\u00e9szetelm\u00e9letet tan\u00edt. Levente az elm\u00falt \u00e9velben dolgozott a New York-i, p\u00e1rizsi, budapesti \u00e9s p\u00e9csi \u00f6nkorm\u00e1nyzatoknak, illetve m\u0171k\u00f6d\u00f6tt k\u00f6zre k\u00fcl\u00f6nb\u00f6z\u0151 projektekben. A K\u00c9K \u2013 Kort\u00e1rs \u00c9p\u00edt\u00e9szeti K\u00f6zpont tagjak\u00e9nt kort\u00e1rs v\u00e1rosi \u00e9s \u00e9p\u00edt\u00e9szeti jelens\u00e9gekkel foglalkoz\u00f3 esem\u00e9nyeket szervez. Publik\u00e1ci\u00f3iban \u00e9s elm\u00e9leti munk\u00e1j\u00e1ban az \u00e9p\u00edt\u00e9szet, k\u00e9pz\u0151m\u0171v\u00e9szet, urbanisztika, f\u00f6ldrajz, radio \u00e9s film k\u00f6z\u00f6tti k\u00f6ztes ter\u00fcleteket kutatja. Az Anatomy of a Street projekt t\u00e1rskur\u00e1tora. <\/p>\r\n\r\n<p>Aleksandra Wasilkowska a Vars\u00f3i M\u0171szaki Egyetemen \u00e9s a Bretagne-i \u00c9p\u00edt\u00e9szeti Iskol\u00e1ban folytatott tanulm\u00e1nyait k\u00f6vet\u0151en 2007-ben a t\u00e9r \u00e9s a t\u00e1rsadalom kutat\u00e1s\u00e1val foglalkoz\u00f3 m\u0171helyt hozott l\u00e9tre Vars\u00f3ban. M\u0171v\u00e9szekkel, szociol\u00f3gusokkal, kutat\u00f3kkal, \u00e9s matematikusokkal dolgozik olyan projekteken, amelyek k\u00f6z\u00f6s ter\u00fcletek felfedez\u00e9s\u00e9t seg\u00edtik el\u0151 az \u00e9p\u00edt\u00e9szet, a m\u0171v\u00e9szet \u00e9s a tudom\u00e1ny k\u00f6z\u00f6tt. Projektjeik \u00faj v\u00e1rosi strat\u00e9gi\u00e1kat \u00e9s a nyilv\u00e1nos t\u00e9rben megjelen\u0151 kollekt\u00edv termel\u00e9s modelljeit vizsg\u00e1lj\u00e1k. Ilyenek p\u00e9ld\u00e1ul: <em>Symbiotic City<\/em> (2005), <em>MultipliCity Disorder<\/em> (2008), <em>Warsaw as Emergent<\/em> <em>Structure<\/em>:<em>Em_Wwa 1.0<\/em> (2009), <em>Assembling in Public<\/em> (2010). Wasilkowska a k\u00f6vetkez\u0151 ki\u00e1ll\u00edt\u00e1sokon vett r\u00e9szt: <em>Warsaw under<\/em> <em>Construction<\/em> (Modern M\u0171v\u00e9szeti M\u00fazeum, Vars\u00f3, 2009, 2010); <em>Expectation<\/em> (Bec Zmiana Foundation, Vars\u00f3, 2009); <em>Extremely Rare Events<\/em> (Kort\u00e1rs M\u0171v\u00e9szeti K\u00f6zpont, 2009); <em>The Witch is Watching<\/em> (Avantg\u00e1rd Int\u00e9zet, Vars\u00f3, 2010). Befejezett projektek: <em>[No.Platform]<\/em> (Zach\u0119ta Nemzeti M\u00fazeum, Vars\u00f3), <em>Ideiglenes <\/em>\u00e9p\u00edtm\u00e9ny (Chelsea College of Art \u00e9s Design, London, 2010). A <em>Warsaw as Emergent Structure<\/em> c. kiav\u00e1ny a B\u0119c Zmiana Foundation kiad\u00e1s\u00e1ban jelent meg, 2009-ben. Aleksandra Wasilkowska Agnieszka Kuranttal Lengyelorsz\u00e1got k\u00e9pviseli Velenc\u00e9ben a 12. \u00c9p\u00edt\u00e9szeti Bienn\u00e1l\u00e9n. <a href=\"http:\/\/www.olawasilkowska.com\/\" target=\"_blank\">www.olawasilkowska.com<\/a> ; <a href=\"http:\/\/www.labiennale.art.pl\/\" target=\"_blank\">www.labiennale.art.pl<\/a><\/p>\r\n\r\n<p>Dagmar Petrikova a pozsonyi<strong> <\/strong>Slovak University of Technology Menedzsment Int\u00e9zet\u00e9nek tan\u00e1rja, a Ter\u00fcletfejleszt\u00e9si Tansz\u00e9k vezet\u0151je, \u00e9s a Central European Research and Training Centre in Spatial Planning igazgat\u00f3ja. Munk\u00e1ja sor\u00e1n a v\u00e1rostervez\u00e9s t\u00e1rsadalmi dimenzi\u00f3ira, a k\u00f6z\u00f6ss\u00e9gi r\u00e9szv\u00e9telre \u00e9s a barnamez\u0151s fejleszt\u00e9sekre koncentr\u00e1l. <\/p>\r\n\r\n<p>Grzegorz Pi\u0105tek \u00e9p\u00edt\u00e9sz, kritikus, a vars\u00f3i Politechnikum \u00c9p\u00edt\u00e9szm\u00e9rn\u00f6ki Kar\u00e1n 2006-ban szerzett diplom\u00e1t. K\u00fcl\u00f6nb\u00f6z\u0151 \u00e9p\u00edt\u00e9szeti, design \u00e9s urbanisztikai t\u00e9m\u00e1j\u00fa k\u00f6nyvekben \u00e9s katal\u00f3gusokban jelentek meg cikkei, mint a <em>Notes from Warsaw<\/em> (Warsaw 2007), <em>Wallpaper City Guide. Warsaw <\/em>(London 2008), <em>Stadium X. A Place That Never Was<\/em> (Warsaw 2008), <em>Hotel Polonia. The<\/em> <em>Afterlife of Buildings <\/em>(Warsaw 2008), <em>Architektura Polska\/Polen Architektur<\/em> (Vienna 2008), <em>Warschau. Der thematische F\u00fchrer durch Polens Hauptstadt <\/em>(Stuttgart 2009), <em>Use It. Warsaw <\/em>map (Warsaw 2008, 2009 \u2013 2 editions). <em>The Promised City <\/em>(Warsaw-Berlin 2010). 2005 \u00f3ta az <a href=\"http:\/\/architektura.muratorplus.pl\/__---miesiecznik-architektura---_,1288.htm\" target=\"_blank\">Architektura-murator<\/a> c. foly\u00f3irat szerkeszt\u0151je. Kur\u00e1tori tev\u00e9kenys\u00e9ge: <em>Hotel Polonia. The Afterlife of<\/em> <em>Buildings <\/em>(Jaros\u0142aw Trybu\u015b-sal), Lengyel Pavilon a 11. Velencei \u00c9p\u00edt\u00e9szeti Bienn\u00e1l\u00e9n, Arany Oroszl\u00e1n a legjobb nemzeti r\u00e9szv\u00e9tel\u00e9rt. <em>Open:Poland. Architecture and Identity<\/em> (Rob Wilsonnal, RIBA, London, 2009); <em>Modernizaci\u00f3n<\/em> (J. Trybu\u015b-cal,<em> <\/em>Cuenca, Barcelona, 2010); <em>Mountains for Warsaw!<\/em> (Vars\u00f3, 2009), <em>Pleasure<\/em>, v\u00e1rosi beavatkoz\u00e1sok (Vars\u00f3 Under Construction 2 Fesztiv\u00e1l, 2010). D\u00edjai: a Kultur\u00e1lis \u00e9s a Nemzeti \u00d6r\u00f6ks\u00e9g Miniszt\u00e9riuma d\u00edja Lengyelorsz\u00e1g k\u00fclf\u00f6ldi prom\u00f3ci\u00f3j\u00e1\u00e9rt<span style=\"color: red;\"> <\/span>(2009). A 2016-os Eur\u00f3pa Kultur\u00e1lis F\u0151v\u00e1rosa c\u00edmre p\u00e1ly\u00e1z\u00f3 Vars\u00f3 nagyk\u00f6vete.<\/p>\r\n\r\n<p>Jakob Hurrle a Berlin Technische Universit\u00e4t-en szerzett v\u00e1rostervez\u0151i diplom\u00e1t. Diplomamunk\u00e1j\u00e1ban a roma k\u00f6z\u00f6ss\u00e9geket megc\u00e9lz\u00f3 kelet-szlov\u00e1kiai fejleszt\u00e9si projekteket \u00e9rt\u00e9kelt. Jakob a k\u00f6z\u00e9p-eur\u00f3pai <a href=\"http:\/\/www.plotki.net\/cms\/\" target=\"_blank\">Plotki<\/a> egyik alap\u00edt\u00f3ja. Szerkeszt\u0151k\u00e9nt dolgozott a <a href=\"http:\/\/www.migrationonline.cz\/\" target=\"_blank\">www.migrationonline.cz<\/a> oldalon, \u00e9s kutat\u00f3k\u00e9nt az <em>Intercultural Map<\/em> projekten. 2007 febru\u00e1rja \u00e9s 2010 \u00e1prilisa k\u00f6z\u00f6tt a Multicultural Center Prague igazgat\u00f3ja volt. A Portland-i Western States Center-ben folytatott kutat\u00e1sa \u00f3ta a Multicultural Center Prague <em>Flexi-In-Security<\/em> projektj\u00e9n dolgozik. Emellett k\u00f6zrem\u0171k\u00f6d\u0151je a PragueWatch elnevez\u00e9s\u0171 szervezetnek, amely a cseh f\u0151v\u00e1ros v\u00e1rosfejl\u0151d\u00e9s\u00e9t vizsg\u00e1l\u00f3 <a href=\"http:\/\/praguewatch.cz\/\" target=\"_blank\">webport\u00e1lt<\/a> m\u0171k\u00f6dtet.<\/p>\r\n\r\n<p>Constantin Goagea \u00e9p\u00edt\u00e9sz, \u00e9p\u00edt\u00e9szeti szak\u00fajs\u00e1g\u00edr\u00f3 \u00e9s kutat\u00f3. Munk\u00e1ja sor\u00e1n a kort\u00e1rs kult\u00fara, a technol\u00f3gia \u00e9s az emberi k\u00f6rnyezet kapcsolat\u00e1t vizsg\u00e1lja, melyben az innovat\u00edv \u00e9p\u00edt\u00e9szet is szerepet j\u00e1tszik. Okleveles \u00e9p\u00edt\u00e9sz Bukarestben, a szakmai szervezetek akt\u00edv tagja, valamint rendszeresen megh\u00edvott el\u0151ad\u00f3, tan\u00e1csad\u00f3 \u00e9s zs\u0171ritag. 2000 \u00f3ta az <a href=\"http:\/\/www.arhitectura1906.ro\/\" target=\"_blank\">Arhitectura<\/a> c. magazin igazgat\u00f3ja. A 2006-os Velencei Bienn\u00e1l\u00e9 Rom\u00e1n Pavilonj\u00e1ban megrendezett \u201cRemix. Egy orsz\u00e1g t\u00f6red\u00e9kei&#8221; c. ki\u00e1ll\u00edt\u00e1s t\u00e1rsszerz\u0151je. A 2008-ban l\u00e9trej\u00f6tt Zeppelin Egyes\u00fclet alap\u00edt\u00f3 tagja. Kiemelt \u00e9rdekl\u0151d\u00e9si ter\u00fclete: a posztszocialista v\u00e1ros fejl\u0151d\u00e9se, lehet\u0151s\u00e9gek \u00e9s probl\u00e9m\u00e1k a szomsz\u00e9dos szocialista orsz\u00e1gok k\u00f6z\u00f6tt, v\u00e1rosi rendszerek \u00e9s identit\u00e1s K\u00f6z\u00e9p- \u00e9s Kelet-Eur\u00f3p\u00e1ban. Jelenleg Bukarestben \u00e9l.<\/p>\r\n\r\n<p>Ivan Kucina f\u0151\u00e1ll\u00e1s\u00fa oktat\u00f3 a Belgr\u00e1di Egyetem \u00c9p\u00edt\u00e9sz Tansz\u00e9k\u00e9n, valamint \u00f3raad\u00f3 tan\u00e1r a New York-i School of Design Strategies, Parsons The New School for Design-n\u00e1l. Ivan kutat\u00e1sainak f\u00f3kusz\u00e1ban az \u00e9p\u00edt\u00e9szet \u00e9s az urbanisztika \u00e1tmeneti folyamatai \u00e1llnak, k\u00fcl\u00f6n\u00f6sen az inform\u00e1lis \u00e9p\u00edt\u00e9szeti strat\u00e9gi\u00e1k \u00e9s az ellen\u0151rizetlen folyamatok a nyugat-balk\u00e1ni v\u00e1rosok \u00e1talakul\u00e1s\u00e1ban. Fontosnak \u00e9rzi, hogy meg\u00e9rts\u00fck az \u00fajonnan kialakul\u00f3 t\u00e9r-id\u0151 paradigm\u00e1kat az \u00e9p\u00edt\u00e9szetben \u00e9s a v\u00e1rostervez\u00e9sben egyar\u00e1nt. Ivan a Belgr\u00e1di Egyetemen sz\u00e1mos egy\u00fcttm\u0171k\u00f6d\u00e9si csereprogramot hozott l\u00e9tre olyan \u00e9p\u00edt\u00e9szeti iskol\u00e1k k\u00f6z\u00f6tt, mint a Berlage Int\u00e9zet, TU Wien, TU Delft, KTH Stockholm, Roma 3 Egyetem \u00e9s a Parsons The New School for Design (New York, USA). A 2008-ban megjelent &#8222;15\/3&#8221; tank\u00f6nyv \u2013 mely a belgr\u00e1di \u00c9p\u00edt\u00e9sz Tansz\u00e9k Bevezet\u00e9s az \u00e9p\u00edt\u00e9szetbe c. kurzus\u00e1hoz kapcsol\u00f3dik \u2013 innovat\u00edv m\u00f3dszertant k\u00edn\u00e1l a t\u00e9r-forma dialektik\u00e1j\u00e1nak meg\u00e9rt\u00e9s\u00e9hez. Ivan Kucina egy\u00fattal akt\u00edv \u00e9p\u00edt\u00e9sz is, k\u00fcl\u00f6nb\u00f6z\u0151 interdiszciplin\u00e1ris \u00e9p\u00edt\u00e9szeti \u00e9s design projekteken (pl. v\u00e1rostervez\u00e9s, lak\u00f3\u00e9p\u00fcletek, ki\u00e1ll\u00edt\u00e1sok) dolgozik egy\u00fctt Nenad Katic \u00e9p\u00edt\u00e9sszel. 2006-ban t\u00e1rsalap\u00edt\u00f3ja volt a <a href=\"http:\/\/www.bina.rs\/index_eng.html\" target=\"_blank\">Belgr\u00e1di Nemzetk\u00f6zi \u00c9p\u00edt\u00e9szeti H\u00e9tnek<\/a>, jelenleg a rendezv\u00e9ny programigazgat\u00f3ja.<\/p>","protected":false},"excerpt":{"rendered":"<p>Egy utca anat\u00f3mi\u00e1ja: kutat\u00e1sok \u00e9s beavatkoz\u00e1sok a poszt-szocialista v\u00e1rosi t\u00e9rben M\u0171v\u00e9szeti, \u00e9p\u00edt\u00e9szeti \u00e9s civil kezdem\u00e9nyez\u00e9sek Kelet-K\u00f6z\u00e9p-Eur\u00f3p\u00e1ban 2010. november 7. Labor (1053 Budapest, K\u00e9p\u00edr\u00f3 u. 6. ) A K\u00c9K \u2013 Kort\u00e1rs \u00c9p\u00edt\u00e9szeti K\u00f6zpont, a MoME \u00e9s a BME k\u00f6z\u00f6s, angol nyelv\u0171 programja Az elm\u00falt 20 \u00e9v politikai, gazdas\u00e1gi, t\u00e1rsadalmi \u00e9s kultur\u00e1lis v\u00e1ltoz\u00e1sai Kelet-K\u00f6z\u00e9p-Eur\u00f3p\u00e1ban a v\u00e1rosok jelent\u0151s [&hellip;]<\/p>\n","protected":false},"author":1,"featured_media":0,"parent":0,"comment_status":"open","ping_status":"open","sticky":false,"template":"","format":"standard","meta":{"_acf_changed":false,"footnotes":""},"categories":[3],"tags":[],"class_list":["post-821116","post","type-post","status-publish","format-standard","hentry","category-hirek"],"acf":[],"_links":{"self":[{"href":"https:\/\/exindex.hu\/hu\/wp-json\/wp\/v2\/posts\/821116","targetHints":{"allow":["GET"]}}],"collection":[{"href":"https:\/\/exindex.hu\/hu\/wp-json\/wp\/v2\/posts"}],"about":[{"href":"https:\/\/exindex.hu\/hu\/wp-json\/wp\/v2\/types\/post"}],"author":[{"embeddable":true,"href":"https:\/\/exindex.hu\/hu\/wp-json\/wp\/v2\/users\/1"}],"replies":[{"embeddable":true,"href":"https:\/\/exindex.hu\/hu\/wp-json\/wp\/v2\/comments?post=821116"}],"version-history":[{"count":0,"href":"https:\/\/exindex.hu\/hu\/wp-json\/wp\/v2\/posts\/821116\/revisions"}],"wp:attachment":[{"href":"https:\/\/exindex.hu\/hu\/wp-json\/wp\/v2\/media?parent=821116"}],"wp:term":[{"taxonomy":"category","embeddable":true,"href":"https:\/\/exindex.hu\/hu\/wp-json\/wp\/v2\/categories?post=821116"},{"taxonomy":"post_tag","embeddable":true,"href":"https:\/\/exindex.hu\/hu\/wp-json\/wp\/v2\/tags?post=821116"}],"curies":[{"name":"wp","href":"https:\/\/api.w.org\/{rel}","templated":true}]}}