{"id":821124,"date":"2010-11-09T15:36:01","date_gmt":"2010-11-09T14:36:01","guid":{"rendered":"https:\/\/exindex.hu\/?p=821124"},"modified":"2010-11-09T15:36:43","modified_gmt":"2010-11-09T14:36:43","slug":"video-prezentaciok-22-pacsika-rudolf","status":"publish","type":"post","link":"https:\/\/exindex.hu\/hu\/hirek\/video-prezentaciok-22-pacsika-rudolf\/","title":{"rendered":"Vide\u00f3 prezent\u00e1ci\u00f3k 22. &#8211; Pacsika Rudolf"},"content":{"rendered":"<p>Az <a href=\"http:\/\/www.crosstalk.hu\/\" target=\"_blank\">\u00c1thall\u00e1s<\/a> Videom\u0171v\u00e9szeti Fesztiv\u00e1l, Budapest r\u00e9szprogramjak\u00e9nt elindult a havonta   megrendezend\u0151 <em>Vide\u00f3 prezent\u00e1ci\u00f3k<\/em> sorozat. Az egy est\u00e9s  besz\u00e9lget\u00e9s-sorozat megh\u00edvottjai magyar \u00e9s    k\u00fclf\u00f6ldi vide\u00f3- illetve  m\u00e9diam\u0171v\u00e9szek. Az esem\u00e9ny c\u00e9lja els\u0151sorban a    kort\u00e1rs magyar  videom\u0171v\u00e9szettel foglalkoz\u00f3 alkot\u00f3k bemutat\u00e1sa a    k\u00fclf\u00f6ldi szc\u00e9na  k\u00e9pvisel\u0151ivel egyetemben, m\u00e1sodsorban a vide\u00f3m\u0171v\u00e9szet  megismertet\u00e9se, felkarol\u00e1sa.<\/p>\r\n\r\n<p>T\u00f6bb helysz\u00ednv\u00e1lt\u00e1s ut\u00e1n, most rem\u00e9lhet\u0151leg megtal\u00e1ltuk a v\u00e9gleges  helysz\u00ednt, a <strong>LudwigInzert<\/strong>et (kor\u00e1bbi J\u00f3zsefv\u00e1rosi Gal\u00e9ria, <strong>1085  Budapest, J\u00f3zsef krt. 70.<\/strong>), mely 2010-t\u0151l a Ludwig M\u00fazeum kihelyezett  helysz\u00ednek\u00e9nt funkcion\u00e1l.<\/p>\r\n\r\n<p>K\u00f6vetkez\u0151 megh\u00edvott el\u0151ad\u00f3: <strong>Pacsika Rudolf<\/strong><\/p>\r\n\r\n<p>Id\u0151pont: <strong>2010. november 10, szerda, 19h.<\/strong><\/p>\r\n\r\n<p>Az amszterdami Rijksakademie van Beeldende Kunsten-en v\u00e9gezte  posztgradu\u00e1lis tanulm\u00e1nyait. Szentendr\u00e9n \u00e9l. B\u00e1r rajzokat, vide\u00f3kat is  k\u00e9sz\u00edt, m\u0171vei nagyobbr\u00e9szt install\u00e1ci\u00f3k, environmentek, \u00e9s m\u00e1s,  m\u0171fajilag nehezen besorolhat\u00f3 alkot\u00e1sok. A m\u0171veiben gyakran megjelen\u0151  mindennapi t\u00e1rgyak k\u00f6z\u00f6tt olyan viszonylatokat teremt, amelyek  t\u00falmutatnak saj\u00e1t fizikai val\u00f3s\u00e1gukon. Elemz\u0151 m\u00f3don, l\u00e9nyegbev\u00e1g\u00f3  szellemess\u00e9ggel boncolgatja vil\u00e1gunkat. Az \u00e9rz\u00e9ki, konceptu\u00e1lis \u00e9s  t\u00e1rsadalmi ind\u00edttat\u00e1sb\u00f3l sz\u00fcletett alkot\u00e1sokban megjelen\u0151 bizarr  egym\u00e1shoz rendel\u00e9sek, a megh\u00f6kkent\u0151 egyens\u00falyi szitu\u00e1ci\u00f3k, a mozg\u00e1s, a  nemis\u00e9gre utal\u00f3 r\u00e9szletek seg\u00edtik abban, hogy az esetleges metafizikai  \u00e9rtelmez\u00e9s ne s\u00fcllyedjen melank\u00f3li\u00e1ba. A mozg\u00f3k\u00e9pet nem csak a  vide\u00f3iban, hanem computer-install\u00e1ci\u00f3iban is haszn\u00e1lja.<\/p>","protected":false},"excerpt":{"rendered":"<p>Az \u00c1thall\u00e1s Videom\u0171v\u00e9szeti Fesztiv\u00e1l, Budapest r\u00e9szprogramjak\u00e9nt elindult a havonta megrendezend\u0151 Vide\u00f3 prezent\u00e1ci\u00f3k sorozat. Az egy est\u00e9s besz\u00e9lget\u00e9s-sorozat megh\u00edvottjai magyar \u00e9s k\u00fclf\u00f6ldi vide\u00f3- illetve m\u00e9diam\u0171v\u00e9szek. Az esem\u00e9ny c\u00e9lja els\u0151sorban a kort\u00e1rs magyar videom\u0171v\u00e9szettel foglalkoz\u00f3 alkot\u00f3k bemutat\u00e1sa a k\u00fclf\u00f6ldi szc\u00e9na k\u00e9pvisel\u0151ivel egyetemben, m\u00e1sodsorban a vide\u00f3m\u0171v\u00e9szet megismertet\u00e9se, felkarol\u00e1sa. T\u00f6bb helysz\u00ednv\u00e1lt\u00e1s ut\u00e1n, most rem\u00e9lhet\u0151leg megtal\u00e1ltuk a v\u00e9gleges helysz\u00ednt, a [&hellip;]<\/p>\n","protected":false},"author":1,"featured_media":0,"parent":0,"comment_status":"open","ping_status":"open","sticky":false,"template":"","format":"standard","meta":{"_acf_changed":false,"footnotes":""},"categories":[3],"tags":[],"class_list":["post-821124","post","type-post","status-publish","format-standard","hentry","category-hirek"],"acf":[],"_links":{"self":[{"href":"https:\/\/exindex.hu\/hu\/wp-json\/wp\/v2\/posts\/821124","targetHints":{"allow":["GET"]}}],"collection":[{"href":"https:\/\/exindex.hu\/hu\/wp-json\/wp\/v2\/posts"}],"about":[{"href":"https:\/\/exindex.hu\/hu\/wp-json\/wp\/v2\/types\/post"}],"author":[{"embeddable":true,"href":"https:\/\/exindex.hu\/hu\/wp-json\/wp\/v2\/users\/1"}],"replies":[{"embeddable":true,"href":"https:\/\/exindex.hu\/hu\/wp-json\/wp\/v2\/comments?post=821124"}],"version-history":[{"count":0,"href":"https:\/\/exindex.hu\/hu\/wp-json\/wp\/v2\/posts\/821124\/revisions"}],"wp:attachment":[{"href":"https:\/\/exindex.hu\/hu\/wp-json\/wp\/v2\/media?parent=821124"}],"wp:term":[{"taxonomy":"category","embeddable":true,"href":"https:\/\/exindex.hu\/hu\/wp-json\/wp\/v2\/categories?post=821124"},{"taxonomy":"post_tag","embeddable":true,"href":"https:\/\/exindex.hu\/hu\/wp-json\/wp\/v2\/tags?post=821124"}],"curies":[{"name":"wp","href":"https:\/\/api.w.org\/{rel}","templated":true}]}}