{"id":821125,"date":"2010-11-08T16:56:22","date_gmt":"2010-11-08T15:56:22","guid":{"rendered":"https:\/\/exindex.hu\/?p=821125"},"modified":"2010-11-09T17:03:14","modified_gmt":"2010-11-09T16:03:14","slug":"maganpenzek-kozgyujtemenyek","status":"publish","type":"post","link":"https:\/\/exindex.hu\/hu\/hirek\/maganpenzek-kozgyujtemenyek\/","title":{"rendered":"Mag\u00e1np\u00e9nzek, k\u00f6zgy\u0171jtem\u00e9nyek"},"content":{"rendered":"<p align=\"center\">\u00c9l\u0151 M\u00fazeumCaf\u00e9 a Sz\u00e9pm\u0171v\u00e9szeti M\u00fazeumban<\/p>\r\n\r\n<p><strong>2010. november 11., cs\u00fct\u00f6rt\u00f6k\u00f6n 18 \u00f3ra<\/strong><\/p>\r\n\r\n<p>Mit  jelentenek a m\u00fazeumok \u00e9let\u00e9ben megjelen\u0151 mag\u00e1np\u00e9nzek? \u00daj ki\u00e1ll\u00edt\u00e1si  lehet\u0151s\u00e9get? A k\u00e1non befoly\u00e1sol\u00e1s\u00e1t? Mag\u00e1ngy\u0171jtem\u00e9nyek int\u00e9zm\u00e9nyi  fel\u00e9rt\u00e9kel\u00e9s\u00e9t? Meddig mehet el egy k\u00f6zgy\u0171jtem\u00e9ny a mag\u00e1nszf\u00e9r\u00e1b\u00f3l  \u00e9rkez\u0151 t\u00e1mogat\u00e1sok elfogad\u00e1s\u00e1ban?<\/p>\r\n\r\n<p>Ezekr\u0151l  a k\u00e9rd\u00e9sekr\u0151l besz\u00e9lget\u00fcnk a Magyar Nemzeti Gal\u00e9ria Kov\u00e1sznai Gy\u00f6rgy  \u00e9letm\u0171-ki\u00e1ll\u00edt\u00e1sa kapcs\u00e1n a M\u00fazeumCaf\u00e9 magazin \u00e1ltal szervezett  besz\u00e9lget\u00e9sen, amelynek r\u00e9sztvev\u0151i:<\/p>\r\n\r\n<p><strong>Cs\u00e1k Ferenc<\/strong>, a Magyar Nemzeti Gal\u00e9ria f\u0151igazgat\u00f3ja,<\/p>\r\n\r\n<p><strong>D\u00e9kei Krisztina<\/strong> m\u0171v\u00e9szett\u00f6rt\u00e9n\u00e9sz, kritikus,<\/p>\r\n\r\n<p><strong>Iv\u00e1nyi-Bitter Brigitta<\/strong> m\u0171v\u00e9szett\u00f6rt\u00e9n\u00e9sz, kur\u00e1tor \u00e9s<\/p>\r\n\r\n<p><strong>Spengler Katalin<\/strong> m\u0171gy\u0171jt\u0151, szak\u00fajs\u00e1g\u00edr\u00f3.<\/p>\r\n\r\n<p>A besz\u00e9lget\u00e9st <strong>Martos G\u00e1bor<\/strong>, a M\u00fazeumCaf\u00e9 f\u0151szerkeszt\u0151je vezeti.<\/p>\r\n\r\n<p>A bel\u00e9p\u00e9s ingyenes.<\/p>","protected":false},"excerpt":{"rendered":"<p>\u00c9l\u0151 M\u00fazeumCaf\u00e9 a Sz\u00e9pm\u0171v\u00e9szeti M\u00fazeumban 2010. november 11., cs\u00fct\u00f6rt\u00f6k\u00f6n 18 \u00f3ra Mit jelentenek a m\u00fazeumok \u00e9let\u00e9ben megjelen\u0151 mag\u00e1np\u00e9nzek? \u00daj ki\u00e1ll\u00edt\u00e1si lehet\u0151s\u00e9get? A k\u00e1non befoly\u00e1sol\u00e1s\u00e1t? Mag\u00e1ngy\u0171jtem\u00e9nyek int\u00e9zm\u00e9nyi fel\u00e9rt\u00e9kel\u00e9s\u00e9t? Meddig mehet el egy k\u00f6zgy\u0171jtem\u00e9ny a mag\u00e1nszf\u00e9r\u00e1b\u00f3l \u00e9rkez\u0151 t\u00e1mogat\u00e1sok elfogad\u00e1s\u00e1ban? Ezekr\u0151l a k\u00e9rd\u00e9sekr\u0151l besz\u00e9lget\u00fcnk a Magyar Nemzeti Gal\u00e9ria Kov\u00e1sznai Gy\u00f6rgy \u00e9letm\u0171-ki\u00e1ll\u00edt\u00e1sa kapcs\u00e1n a M\u00fazeumCaf\u00e9 magazin \u00e1ltal szervezett besz\u00e9lget\u00e9sen, [&hellip;]<\/p>\n","protected":false},"author":1,"featured_media":0,"parent":0,"comment_status":"open","ping_status":"open","sticky":false,"template":"","format":"standard","meta":{"_acf_changed":false,"footnotes":""},"categories":[3],"tags":[],"class_list":["post-821125","post","type-post","status-publish","format-standard","hentry","category-hirek"],"acf":[],"_links":{"self":[{"href":"https:\/\/exindex.hu\/hu\/wp-json\/wp\/v2\/posts\/821125","targetHints":{"allow":["GET"]}}],"collection":[{"href":"https:\/\/exindex.hu\/hu\/wp-json\/wp\/v2\/posts"}],"about":[{"href":"https:\/\/exindex.hu\/hu\/wp-json\/wp\/v2\/types\/post"}],"author":[{"embeddable":true,"href":"https:\/\/exindex.hu\/hu\/wp-json\/wp\/v2\/users\/1"}],"replies":[{"embeddable":true,"href":"https:\/\/exindex.hu\/hu\/wp-json\/wp\/v2\/comments?post=821125"}],"version-history":[{"count":0,"href":"https:\/\/exindex.hu\/hu\/wp-json\/wp\/v2\/posts\/821125\/revisions"}],"wp:attachment":[{"href":"https:\/\/exindex.hu\/hu\/wp-json\/wp\/v2\/media?parent=821125"}],"wp:term":[{"taxonomy":"category","embeddable":true,"href":"https:\/\/exindex.hu\/hu\/wp-json\/wp\/v2\/categories?post=821125"},{"taxonomy":"post_tag","embeddable":true,"href":"https:\/\/exindex.hu\/hu\/wp-json\/wp\/v2\/tags?post=821125"}],"curies":[{"name":"wp","href":"https:\/\/api.w.org\/{rel}","templated":true}]}}