{"id":821139,"date":"2010-11-12T15:50:06","date_gmt":"2010-11-12T14:50:06","guid":{"rendered":"https:\/\/exindex.hu\/?p=821139"},"modified":"2015-11-08T03:41:17","modified_gmt":"2015-11-08T02:41:17","slug":"katerina-seda-tukorhegy","status":"publish","type":"post","link":"https:\/\/exindex.hu\/hu\/hirek\/katerina-seda-tukorhegy\/","title":{"rendered":"Kate\u0159ina \u0160eda: T\u00fck\u00f6rhegy"},"content":{"rendered":"<p style=\"text-align: left;\">Kate\u0159ina \u0160eda (1977 Brno-L\u00ed\u0161e\u0148) az egyik legeredetibb, nemzetk\u00f6zi karriert befutott fiatal cseh k\u00e9pz\u0151m\u0171v\u00e9sz, aki a Ludwig  M\u00fazeum \u2013 Kort\u00e1rs M\u0171v\u00e9szeti M\u00fazeum rezidenciaprogramj\u00e1nak vend\u00e9ge volt  2009-2010-ben.<\/p>\r\n\r\n<p style=\"text-align: left;\"><img loading=\"lazy\" decoding=\"async\" class=\"aligncenter size-medium wp-image-3429\" title=\"Kate\" src=\"\/wp-content\/uploads\/x\/019_tuhe_a_8952-450x300.jpg\" alt=\"\" width=\"450\" height=\"300\" \/><\/p>\r\n\r\n<p>Munk\u00e1iban \u00e1ltal\u00e1ban k\u00f6zvetlen lak\u00f3k\u00f6rnyezet\u00e9vel, az ott  \u00e9l\u0151 emberek probl\u00e9m\u00e1ival foglalkozik, egyben a kelet-k\u00f6z\u00e9p-eur\u00f3pai  t\u00e1rsadalom v\u00e1ltoz\u00e1saira is reflekt\u00e1lva. M\u0171veit a szem\u00e9lyes \u00e9rintetts\u00e9g  mellett az egyszer\u0171 eszk\u00f6z\u00f6ket haszn\u00e1l\u00f3, de mindig eredeti m\u0171v\u00e9szi  megform\u00e1l\u00e1s teszi k\u00fcl\u00f6nlegess\u00e9 \u00e9s hiteless\u00e9.<\/p>\r\n\r\n<p style=\"text-align: left;\"><img loading=\"lazy\" decoding=\"async\" class=\"size-full wp-image-1141 aligncenter\" src=\"\/wp-content\/uploads\/x\/021_tuhe_a_9177.jpg\" alt=\"\" width=\"518\" height=\"347\" \/><\/p>\r\n\r\n<p>Sz\u00e1mos egy\u00e9ni \u00e9s csoportos ki\u00e1ll\u00edt\u00e1son vett r\u00e9szt, amelyek k\u00f6z\u00fcl  kiemelkedik a 2007-es kasseli Documenta, a 2008-as Berlin Biennal\u00e9 vagy a  2009-es Biennal\u00e9 de Lyon. Az ukr\u00e1n PinchukArtCentre Future Generation  Art Prize verseny\u00e9ben a 21 finalista k\u00f6z\u00e9 ker\u00fclt \u00faj, budapesti  projektj\u00e9vel.<\/p>\r\n\r\n<p style=\"text-align: left;\"><img loading=\"lazy\" decoding=\"async\" class=\"size-full wp-image-1142 aligncenter\" src=\"\/wp-content\/uploads\/x\/025_tuhe_a_9214.jpg\" alt=\"\" width=\"518\" height=\"347\" \/><\/p>\r\n\r\n<p>Kate\u0159ina \u0160eda budapesti tart\u00f3zkod\u00e1sa sor\u00e1n fedezte fel T\u00fck\u00f6rhegyet,  T\u00f6r\u00f6kb\u00e1lint \u00fajonnan \u00e9p\u00fclt csal\u00e1di h\u00e1zas negyed\u00e9t, amely hasonl\u00f3  gondokkal k\u00fczd, mint sok m\u00e1s, a nagyv\u00e1ros perem\u00e9n \u00e9p\u00fclt alv\u00f3v\u00e1ros. A  \u0160eda \u00e1ltal kital\u00e1lt szocio-t\u00e1rsasj\u00e1t\u00e9k &#8211; t\u00f6bbi projektj\u00e9hez hasonl\u00f3an &#8211;  az itt \u00e9l\u0151 emberek bevon\u00e1s\u00e1ra \u00e9s akt\u00edv r\u00e9szv\u00e9tel\u00e9re \u00e9p\u00edt, c\u00e9lja pedig a  k\u00f6z\u00f6ss\u00e9gteremt\u00e9s, a lak\u00f3k megszervez\u00e9se egy vonz\u00f3 nyerem\u00e9nyj\u00e1t\u00e9k  seg\u00edts\u00e9g\u00e9vel. A projekt vizsg\u00e1lja az \u00fajfajta v\u00e1rosszerkezetet,  \u00e9letm\u00f3dot, az \u00fajfajta vizu\u00e1lis-\u00e9p\u00edt\u00e9szeti k\u00f6rnyezetet \u00e9s azt, hogy  mindez mik\u00e9ppen hat az itt lak\u00f3kra.<\/p>\r\n\r\n<p style=\"text-align: left;\"><img loading=\"lazy\" decoding=\"async\" class=\"size-full wp-image-1143 aligncenter\" src=\"\/wp-content\/uploads\/x\/028_tuhe_a_9235.jpg\" alt=\"\" width=\"518\" height=\"347\" \/><\/p>\r\n\r\n<p>A m\u0171v\u00e9sz els\u0151 \u00edzben augusztusban kereste fel T\u00fck\u00f6rhegy lak\u00f3it, hogy  t\u00e1j\u00e9koztassa \u0151ket a tervezett versenyr\u0151l. A lak\u00f3kat megk\u00e9rte, hogy saj\u00e1t  kapujuk ny\u00edl\u00e1s\u00e1n kereszt\u00fcl rajzolj\u00e1k le a szemben l\u00e9v\u0151 h\u00e1z egy  r\u00e9szlet\u00e9t. Az \u00f6sszegy\u0171jt\u00f6tt rajzokb\u00f3l egy k\u00f6nyv k\u00e9sz\u00fclt, amelyet okt\u00f3ber  30-\u00e1n kaptak k\u00e9zhez a r\u00e9sztvev\u0151k. Az eg\u00e9sz napos vet\u00e9lked\u0151n az gy\u0151z\u00f6tt,  aki a legt\u00f6bb h\u00e1zat tudta azonos\u00edtani a rajzok alapj\u00e1n. November 6-\u00e1n  kider\u00fclt, hogy ki az a szerencs\u00e9s nyertes, aki csal\u00e1dj\u00e1val egy\u00fctt egy  hetet t\u00f6lthet Florid\u00e1ban 2011 tavasz\u00e1n. A lak\u00f3k ezen a napon egy \u00fajabb, a  m\u0171v\u00e9sz \u00e1ltal k\u00e9sz\u00edtett rajzot kaptak k\u00e9zhez, melyen a gy\u0151ztes h\u00e1za  szerepel. De vajon melyik h\u00e1z lehet az?<\/p>\r\n\r\n<p style=\"text-align: left;\"><img loading=\"lazy\" decoding=\"async\" class=\"aligncenter size-full wp-image-1144\" src=\"\/wp-content\/uploads\/x\/001_tuhe_b_8196_.jpg\" alt=\"\" width=\"518\" height=\"346\" \/><br \/>\r\n <strong><br \/>\r\n \u00dcnnep\u00e9lyes eredm\u00e9nyhirdet\u00e9s a m\u0171v\u00e9sz jelenl\u00e9t\u00e9ben:<br \/>\r\n 2010. november 14-\u00e9n 14 \u00f3ra, a nyertes csal\u00e1d h\u00e1z\u00e1n\u00e1l (T\u00f6r\u00f6kb\u00e1lint, T\u00fck\u00f6rhegy, R\u00f3th Miksa u. ?)<\/strong><\/p>\r\n\r\n<p style=\"text-align: center;\"><strong><\/strong><img loading=\"lazy\" decoding=\"async\" class=\"size-full wp-image-1145 aligncenter\" src=\"\/wp-content\/uploads\/x\/016_tuhe_b_8282_.jpg\" alt=\"\" width=\"518\" height=\"346\" \/><\/p>\r\n\r\n<p style=\"text-align: center;\"><strong><a href=\"http:\/\/www.tukorhegy.com\/index.html?id=0\" target=\"_blank\">www.tukorhegy.com<\/a><\/strong><\/p>\r\n\r\n<p style=\"text-align: center;\"><strong><\/strong><img loading=\"lazy\" decoding=\"async\" class=\"aligncenter size-full wp-image-1146\" src=\"\/wp-content\/uploads\/x\/035_tuhe_a_9324.jpg\" alt=\"\" width=\"518\" height=\"347\" \/><\/p>","protected":false},"excerpt":{"rendered":"<p>Kate\u0159ina \u0160eda (1977 Brno-L\u00ed\u0161e\u0148) az egyik legeredetibb, nemzetk\u00f6zi karriert befutott fiatal cseh k\u00e9pz\u0151m\u0171v\u00e9sz, aki a Ludwig M\u00fazeum \u2013 Kort\u00e1rs M\u0171v\u00e9szeti M\u00fazeum rezidenciaprogramj\u00e1nak vend\u00e9ge volt 2009-2010-ben. Munk\u00e1iban \u00e1ltal\u00e1ban k\u00f6zvetlen lak\u00f3k\u00f6rnyezet\u00e9vel, az ott \u00e9l\u0151 emberek probl\u00e9m\u00e1ival foglalkozik, egyben a kelet-k\u00f6z\u00e9p-eur\u00f3pai t\u00e1rsadalom v\u00e1ltoz\u00e1saira is reflekt\u00e1lva. M\u0171veit a szem\u00e9lyes \u00e9rintetts\u00e9g mellett az egyszer\u0171 eszk\u00f6z\u00f6ket haszn\u00e1l\u00f3, de mindig eredeti m\u0171v\u00e9szi [&hellip;]<\/p>\n","protected":false},"author":1,"featured_media":823433,"parent":0,"comment_status":"open","ping_status":"open","sticky":false,"template":"","format":"standard","meta":{"_acf_changed":false,"footnotes":""},"categories":[3],"tags":[],"class_list":["post-821139","post","type-post","status-publish","format-standard","has-post-thumbnail","hentry","category-hirek"],"acf":[],"_links":{"self":[{"href":"https:\/\/exindex.hu\/hu\/wp-json\/wp\/v2\/posts\/821139","targetHints":{"allow":["GET"]}}],"collection":[{"href":"https:\/\/exindex.hu\/hu\/wp-json\/wp\/v2\/posts"}],"about":[{"href":"https:\/\/exindex.hu\/hu\/wp-json\/wp\/v2\/types\/post"}],"author":[{"embeddable":true,"href":"https:\/\/exindex.hu\/hu\/wp-json\/wp\/v2\/users\/1"}],"replies":[{"embeddable":true,"href":"https:\/\/exindex.hu\/hu\/wp-json\/wp\/v2\/comments?post=821139"}],"version-history":[{"count":0,"href":"https:\/\/exindex.hu\/hu\/wp-json\/wp\/v2\/posts\/821139\/revisions"}],"wp:featuredmedia":[{"embeddable":true,"href":"https:\/\/exindex.hu\/hu\/wp-json\/wp\/v2\/media\/823433"}],"wp:attachment":[{"href":"https:\/\/exindex.hu\/hu\/wp-json\/wp\/v2\/media?parent=821139"}],"wp:term":[{"taxonomy":"category","embeddable":true,"href":"https:\/\/exindex.hu\/hu\/wp-json\/wp\/v2\/categories?post=821139"},{"taxonomy":"post_tag","embeddable":true,"href":"https:\/\/exindex.hu\/hu\/wp-json\/wp\/v2\/tags?post=821139"}],"curies":[{"name":"wp","href":"https:\/\/api.w.org\/{rel}","templated":true}]}}