{"id":821148,"date":"2010-11-12T17:38:42","date_gmt":"2010-11-12T16:38:42","guid":{"rendered":"https:\/\/exindex.hu\/?p=821148"},"modified":"2010-11-12T17:39:44","modified_gmt":"2010-11-12T16:39:44","slug":"szentendre-a-godorben","status":"publish","type":"post","link":"https:\/\/exindex.hu\/hu\/hirek\/szentendre-a-godorben\/","title":{"rendered":"Szentendre a G\u00f6d\u00f6rben"},"content":{"rendered":"<p>A negyven \u00e9ve m\u0171k\u00f6d\u0151 legend\u00e1s Vajda Lajos St\u00fadi\u00f3, a tizen\u00f6t \u00e9ves OMKAMRA m\u0171v\u00e9sz csoport, \u00e9s a fiatalok Forg\u00e1cs T\u00e1rsas\u00e1ga k\u00f6z\u00f6s nagyszab\u00e1s\u00fa ki\u00e1ll\u00edt\u00e1st rendez Budapesten, az Erzs\u00e9bet t\u00e9ri G\u00f6d\u00f6r Klubban.<\/p>\r\n\r\n<p>A ki\u00e1ll\u00edt\u00e1son, mely &#8211; a r\u00e9gi vajd\u00e1s hagyom\u00e1nyokat id\u00e9zve &#8211; kib\u0151v\u00fcl a megh\u00edvott bar\u00e1tokkal-vend\u00e9gekkel, a szentendreiek friss festm\u00e9nyei, grafik\u00e1i, printjei, install\u00e1ci\u00f3i \u00e9s vide\u00f3 alkot\u00e1sai lesznek l\u00e1that\u00f3ak.<\/p>\r\n\r\n<p>A november 13-i fesztiv\u00e1lon, mely egyben a k\u00e9t hetes ki\u00e1ll\u00edt\u00e1s megnyit\u00f3ja, &#8222;szentendrei&#8221; performanszok \u00e9s koncertek lesznek. A ki\u00e1ll\u00edt\u00e1st \u00e9s a fesztiv\u00e1lt Wehner Tibor m\u0171v\u00e9szett\u00f6rt\u00e9n\u00e9sz nyitja meg 19 \u00f3rakor. A rendezv\u00e9ny c\u00e9lja a mai szentendrei m\u0171v\u00e9szeti \u00e9let bemutat\u00e1sa a budapesti k\u00f6z\u00f6ns\u00e9gnek.<\/p>\r\n\r\n<p>A november 13-i pogram:<\/p>\r\n\r\n<p>19.00 &#8211; K\u00f6sz\u00f6nt\u0151t mond: Dietz Ferenc (Szentendre Polg\u00e1rmestere)<br \/>\r\n 19.10 &#8211; Megnyit\u00f3 Wehner Tibor m\u0171v\u00e9szett\u00f6rt\u00e9n\u00e9sz<br \/>\r\n 19.30 &#8211; Bukta Imre k\u00e9pz\u0151m\u0171v\u00e9sz performansza<br \/>\r\n 19.40 &#8211; Elektr\u00f3da neh\u00e9zzenei koncert<br \/>\r\n 20.30 &#8211; Hugyecsek Bal\u00e1zs, Rizmayer P\u00e9ter k\u00e9pz\u0151m\u0171v\u00e9szek performansza<br \/>\r\n 20.50 &#8211; Pressz\u00f3 Tang\u00f3 Libid\u00f3 pszichedelikus rock zene a B\u00fckk\u00f6s Partr\u00f3l<br \/>\r\n 21.50 &#8211; Szirtes J\u00e1nos \u00e9s feLugossy L\u00e1szl\u00f3 k\u00e9pz\u0151m\u0171v\u00e9szek performansza<br \/>\r\n 22.10 &#8211; Sajnosbat\u00e1r koncert<br \/>\r\n 23.20 &#8211; Csat\u00f3 M\u00e1t\u00e9 \u00e9s Kond\u00e1sz\u00a0 Ferenc k\u00e9pz\u0151m\u0171v\u00e9szek performansza<br \/>\r\n 23.40 &#8211; ef.Z\u00e1mb\u00f3 Happy Dead Band koncertje (Szam\u00e1rhegyi v\u00e1logat\u00e1s)<br \/>\r\n 00.40 &#8211; Neoneon f\u00e9nyfest\u0151 csoport performansza<br \/>\r\n 01.00 &#8211; Kisteh\u00e9n T\u00e1nczenekar koncertje<br \/>\r\n 02.00 &#8211; SMIRGL egy\u00fcttes koncertje<\/p>\r\n\r\n<p>Wahorn Andr\u00e1s folyamatos zen\u00e9s jelenl\u00e9te k\u00fcl\u00f6n szob\u00e1ban!<\/p>\r\n\r\n<p>Non-Stop vet\u00edt\u0151 programjai:<\/p>\r\n\r\n<p>&#8211; N\u00e9gy vid\u00e9ki fi\u00fa &#8211; (Kalifornia film, dokumentum a Mission Art Gal\u00e9ria 20 \u00e9ves sz\u00fclet\u00e9snapj\u00e1n. Bukta Imre, feLugossy L\u00e1szl\u00f3, Wahorn Andr\u00e1s, ef.Z\u00e1mb\u00f3 Istv\u00e1n a performanszr\u00f3l)<br \/>\r\n &#8211; Munk\u00e1csi Eml\u00e9k Zenekar koncert filmje (Kalifornia film produkci\u00f3)<br \/>\r\n &#8211; Underground Super Starz (Guly\u00e1s Istv\u00e1n filmje)<br \/>\r\n &#8211; Dokumentum a Szentendrei Te\u00e1trum t\u00f6rt\u00e9net\u00e9b\u0151l (Szak\u00e1ly Istv\u00e1n filmje)<br \/>\r\n &#8211; V\u00e1logat\u00e1s a Szentendrei Performance \u00e9s Neh\u00e9zzenei Fesztiv\u00e1lok anyag\u00e1b\u00f3l<\/p>\r\n\r\n<p>A G\u00f6d\u00f6r Klubban k\u00f6zel 80 alkot\u00f3 munk\u00e1ja l\u00e1that\u00f3. N\u00e9h\u00e1ny n\u00e9v a r\u00e9sztvev\u0151k k\u00f6z\u00fcl:<\/p>\r\n\r\n<p>feLugossy L\u00e1szl\u00f3, Wahorn Andr\u00e1s, ef.Z\u00e1mb\u00f3 Istv\u00e1n, Szirtes J\u00e1nos, Bukta<br \/>\r\n Imre, M\u00e9hes L\u00f3r\u00e1nt Zuzu, Csont\u00f3 Lajos, Vincze Ott\u00f3, Eike, Koronczi Endre,<br \/>\r\n Komor\u00f3czky Tam\u00e1s, S\u00fcli-Zakar Szabolcs, Szab\u00f3 Attila, Kond\u00e1sz Ferenc, T\u00f3th<br \/>\r\n Eszter, Csat\u00f3 M\u00e1t\u00e9, Orosz Rich\u00e1rd, Aknay J\u00e1nos, Bereznai P\u00e9ter \u00e9s m\u00e9g<br \/>\r\n sokan m\u00e1sok &#8230;<\/p>\r\n\r\n<p>Bel\u00e9p\u0151 a fesztiv\u00e1lra: 1200 Ft<\/p>","protected":false},"excerpt":{"rendered":"<p>A negyven \u00e9ve m\u0171k\u00f6d\u0151 legend\u00e1s Vajda Lajos St\u00fadi\u00f3, a tizen\u00f6t \u00e9ves OMKAMRA m\u0171v\u00e9sz csoport, \u00e9s a fiatalok Forg\u00e1cs T\u00e1rsas\u00e1ga k\u00f6z\u00f6s nagyszab\u00e1s\u00fa ki\u00e1ll\u00edt\u00e1st rendez Budapesten, az Erzs\u00e9bet t\u00e9ri G\u00f6d\u00f6r Klubban. A ki\u00e1ll\u00edt\u00e1son, mely &#8211; a r\u00e9gi vajd\u00e1s hagyom\u00e1nyokat id\u00e9zve &#8211; kib\u0151v\u00fcl a megh\u00edvott bar\u00e1tokkal-vend\u00e9gekkel, a szentendreiek friss festm\u00e9nyei, grafik\u00e1i, printjei, install\u00e1ci\u00f3i \u00e9s vide\u00f3 alkot\u00e1sai lesznek l\u00e1that\u00f3ak. [&hellip;]<\/p>\n","protected":false},"author":1,"featured_media":0,"parent":0,"comment_status":"open","ping_status":"open","sticky":false,"template":"","format":"standard","meta":{"_acf_changed":false,"footnotes":""},"categories":[3],"tags":[],"class_list":["post-821148","post","type-post","status-publish","format-standard","hentry","category-hirek"],"acf":[],"_links":{"self":[{"href":"https:\/\/exindex.hu\/hu\/wp-json\/wp\/v2\/posts\/821148","targetHints":{"allow":["GET"]}}],"collection":[{"href":"https:\/\/exindex.hu\/hu\/wp-json\/wp\/v2\/posts"}],"about":[{"href":"https:\/\/exindex.hu\/hu\/wp-json\/wp\/v2\/types\/post"}],"author":[{"embeddable":true,"href":"https:\/\/exindex.hu\/hu\/wp-json\/wp\/v2\/users\/1"}],"replies":[{"embeddable":true,"href":"https:\/\/exindex.hu\/hu\/wp-json\/wp\/v2\/comments?post=821148"}],"version-history":[{"count":0,"href":"https:\/\/exindex.hu\/hu\/wp-json\/wp\/v2\/posts\/821148\/revisions"}],"wp:attachment":[{"href":"https:\/\/exindex.hu\/hu\/wp-json\/wp\/v2\/media?parent=821148"}],"wp:term":[{"taxonomy":"category","embeddable":true,"href":"https:\/\/exindex.hu\/hu\/wp-json\/wp\/v2\/categories?post=821148"},{"taxonomy":"post_tag","embeddable":true,"href":"https:\/\/exindex.hu\/hu\/wp-json\/wp\/v2\/tags?post=821148"}],"curies":[{"name":"wp","href":"https:\/\/api.w.org\/{rel}","templated":true}]}}