{"id":821149,"date":"2010-11-15T01:50:00","date_gmt":"2010-11-15T00:50:00","guid":{"rendered":"https:\/\/exindex.hu\/?p=821149"},"modified":"2010-11-15T12:44:26","modified_gmt":"2010-11-15T11:44:26","slug":"tulelesi-gyakorlat-39","status":"publish","type":"post","link":"https:\/\/exindex.hu\/hu\/hirek\/tulelesi-gyakorlat-39\/","title":{"rendered":"T\u00fal\u00e9l\u00e9si gyakorlat 39."},"content":{"rendered":"<p><a href=\"http:\/\/artportal.hu\/forrasok\/cikkek\/muerto\/molnar_editand_interju_szabics_agnes_kepzomuvesszel\" target=\"_blank\">Szabics \u00c1gnes<\/a> intervenci\u00f3ja<\/p>\r\n\r\n<p>Vakok Iskol\u00e1ja<br \/>\r\n 1146 Budapest, Ajt\u00f3si D\u00fcrer sor 39.<\/p>\r\n\r\n<p>A Vakok Iskol\u00e1j\u00e1nak m\u00e1sodik szintj\u00e9n tal\u00e1lhat\u00f3 N\u00e1dor terem bej\u00e1rat\u00e1val szemben l\u00e9v\u0151 ablakokra ragasztott fot\u00f3kon n\u00e9gy t\u00e9ma jelenik meg, melyek k\u00fcl\u00f6nb\u00f6z\u0151 hangs\u00fallyal, egym\u00e1sra mont\u00edrozva szerepelnek a n\u00e9gyzet alak\u00fa fel\u00fcleteken.<\/p>\r\n\r\n<p>A k\u00fcl\u00f6nb\u00f6z\u0151 t\u00e9m\u00e1j\u00fa fot\u00f3k dominanci\u00e1j\u00e1t \u00e9s elrendez\u00e9s\u00e9t Dragony Timea: <em>Egy szomor\u00fa dal<\/em> c\u00edm\u0171 zenem\u0171v\u00e9nek kott\u00e1ja hat\u00e1rozza meg, egy el\u0151re kidolgozott logikai sziszt\u00e9m\u00e1t k\u00f6vetve.<\/p>\r\n\r\n<p>A zenem\u0171 \u00fctemei az install\u00e1ci\u00f3 egy-egy f\u00fcgg\u0151leges sor\u00e1nak felelnek meg, melyek a k\u00fcls\u0151 ablak\u00fcvegeken l\u00e1that\u00f3ak, m\u00edg a bels\u0151, folyos\u00f3 fel\u0151li s\u00edk\u00fcvegeken \u00e9rezhet\u0151ek, tapinthat\u00f3ak.<\/p>\r\n\r\n<p>A\u00a0 zenem\u0171, amely kiindul\u00f3pontkent szolg\u00e1lt az install\u00e1ci\u00f3 elk\u00e9sz\u00edt\u00e9s\u00e9hez\u00a0 <strong>2010. november 17-\u00e9n, szerd\u00e1n 19 \u00f3ra<\/strong>kor hangzik el Dragony Timea szerz\u0151i estj\u00e9n, melynek hazigazd\u00e1ja M\u00e1csai Janos.<\/p>","protected":false},"excerpt":{"rendered":"<p>Szabics \u00c1gnes intervenci\u00f3ja Vakok Iskol\u00e1ja 1146 Budapest, Ajt\u00f3si D\u00fcrer sor 39. A Vakok Iskol\u00e1j\u00e1nak m\u00e1sodik szintj\u00e9n tal\u00e1lhat\u00f3 N\u00e1dor terem bej\u00e1rat\u00e1val szemben l\u00e9v\u0151 ablakokra ragasztott fot\u00f3kon n\u00e9gy t\u00e9ma jelenik meg, melyek k\u00fcl\u00f6nb\u00f6z\u0151 hangs\u00fallyal, egym\u00e1sra mont\u00edrozva szerepelnek a n\u00e9gyzet alak\u00fa fel\u00fcleteken. A k\u00fcl\u00f6nb\u00f6z\u0151 t\u00e9m\u00e1j\u00fa fot\u00f3k dominanci\u00e1j\u00e1t \u00e9s elrendez\u00e9s\u00e9t Dragony Timea: Egy szomor\u00fa dal c\u00edm\u0171 zenem\u0171v\u00e9nek kott\u00e1ja hat\u00e1rozza [&hellip;]<\/p>\n","protected":false},"author":1,"featured_media":0,"parent":0,"comment_status":"open","ping_status":"open","sticky":false,"template":"","format":"standard","meta":{"_acf_changed":false,"footnotes":""},"categories":[3],"tags":[],"class_list":["post-821149","post","type-post","status-publish","format-standard","hentry","category-hirek"],"acf":[],"_links":{"self":[{"href":"https:\/\/exindex.hu\/hu\/wp-json\/wp\/v2\/posts\/821149","targetHints":{"allow":["GET"]}}],"collection":[{"href":"https:\/\/exindex.hu\/hu\/wp-json\/wp\/v2\/posts"}],"about":[{"href":"https:\/\/exindex.hu\/hu\/wp-json\/wp\/v2\/types\/post"}],"author":[{"embeddable":true,"href":"https:\/\/exindex.hu\/hu\/wp-json\/wp\/v2\/users\/1"}],"replies":[{"embeddable":true,"href":"https:\/\/exindex.hu\/hu\/wp-json\/wp\/v2\/comments?post=821149"}],"version-history":[{"count":0,"href":"https:\/\/exindex.hu\/hu\/wp-json\/wp\/v2\/posts\/821149\/revisions"}],"wp:attachment":[{"href":"https:\/\/exindex.hu\/hu\/wp-json\/wp\/v2\/media?parent=821149"}],"wp:term":[{"taxonomy":"category","embeddable":true,"href":"https:\/\/exindex.hu\/hu\/wp-json\/wp\/v2\/categories?post=821149"},{"taxonomy":"post_tag","embeddable":true,"href":"https:\/\/exindex.hu\/hu\/wp-json\/wp\/v2\/tags?post=821149"}],"curies":[{"name":"wp","href":"https:\/\/api.w.org\/{rel}","templated":true}]}}