{"id":821150,"date":"2010-11-15T11:02:08","date_gmt":"2010-11-15T10:02:08","guid":{"rendered":"https:\/\/exindex.hu\/?p=821150"},"modified":"2010-11-15T11:02:10","modified_gmt":"2010-11-15T10:02:10","slug":"katalizator-dij-jeloles","status":"publish","type":"post","link":"https:\/\/exindex.hu\/hu\/hirek\/katalizator-dij-jeloles\/","title":{"rendered":"Kataliz\u00e1tor-d\u00edj \/ jel\u00f6l\u00e9s"},"content":{"rendered":"<p>A <a href=\"http:\/\/hu.tranzit.org\/hu\/aktualis\/0\/2010-11-09\/kataliztor-dj\" mce_href=\"http:\/\/hu.tranzit.org\/hu\/aktualis\/0\/2010-11-09\/kataliztor-dj\" target=\"_blank\">tranzit.hu <\/a> 2010-ben  kort\u00e1rs k\u00e9pz\u0151m\u0171v\u00e9szeti d\u00edjat alap\u00edt Kataliz\u00e1tor-d\u00edj n\u00e9ven.<\/p>\r\n<div class=\"clearer left_col floater inliner\">\r\n<p class=\"hu\">A d\u00edj egyar\u00e1nt \u00e9rt\u00e9keli az int\u00e9zm\u00e9nyi h\u00e1tt\u00e9r vagy t\u00e1mogat\u00e1s n\u00e9lk\u00fcl  l\u00e9trej\u00f6v\u0151, illetve int\u00e9zm\u00e9nyes kereteken bel\u00fcl megsz\u00fclet\u0151 progressz\u00edv  kezdem\u00e9nyez\u00e9seket. Hogy miben \u00e1ll ez a progresszi\u00f3, el\u0151re nem  meghat\u00e1rozott, mivel e l\u00e9nyegi k\u00e9rd\u00e9s az alap\u00edt\u00f3 sz\u00e1nd\u00e9k szerint  folyamatos szakmai vita t\u00e1rgy\u00e1t k\u00e9pezi majd. A d\u00edj l\u00e9trehoz\u00e1s\u00e1t az a  t\u00f6rekv\u00e9s indokolja, hogy az eddigiekn\u00e9l er\u0151teljesebben teret kapjon a  m\u0171v\u00e9szeti k\u00f6z\u00f6ss\u00e9g szamara inspir\u00e1l\u00f3 kezdem\u00e9nyez\u00e9sek kollekt\u00edv  megbecs\u00fcl\u00e9se.<\/p>\r\n<p><b>Szabad jel\u00f6l\u00e9s 2010. november 9-23.<\/b><\/p>\r\n<p>A Kataliz\u00e1tor-d\u00edjra jel\u00f6l\u00e9seket lehet tenni 2010. november 9-23. k\u00f6z\u00f6tt a tranzit .hu  <a href=\"http:\/\/www.facebook.com\/pages\/tranzithu\/113709735329308?ref=sgm\" mce_href=\"http:\/\/www.facebook.com\/pages\/tranzithu\/113709735329308?ref=sgm\" target=\"_blank\">Facebook oldal\u00e1n<\/a> (az \u00fczen\u0151falra tett bejegyz\u00e9ssel) valamint az <b>office@tranzitinfo.hu<\/b> email c\u00edmen. A jel\u00f6l\u00e9snek mag\u00e1ban kell foglalnia a projekt \u2013 \u00e9s  amennyiben ismert a szerz\u0151 kil\u00e9te, akkor a szerz\u0151 \u2013 nevet,  megval\u00f3s\u00edt\u00e1s\u00e1nak helysz\u00edn\u00e9t, id\u0151pontj\u00e1t. A jel\u00f6l\u00e9seket egy h\u00e9t tag\u00fa  zs\u0171ri b\u00edr\u00e1lja majd el, akiknek a munk\u00e1j\u00e1t felk\u00e9rt tan\u00e1csad\u00f3 test\u00fclet is  seg\u00edti.<\/p>\r\n<\/div>\r\n<div class=\"right_col floater inliner\">\r\n<p class=\"hu\">Kateg\u00f3ri\u00e1k:<\/p>\r\n<p>2010-ben k\u00e9t kateg\u00f3ri\u00e1ban hirdeti meg az alap\u00edt\u00f3 a Kataliz\u00e1tor-d\u00edjat:<\/p>\r\n<p><b>1. motor<\/b> (2009-ig elind\u00edtott, relat\u00edv hossz\u00fa t\u00e1von akt\u00edv, de  mindenk\u00e9ppen kataliz\u00e1tork\u00e9nt m\u0171k\u00f6d\u0151 vagy egykoron m\u0171k\u00f6d\u00f6tt  kezdem\u00e9nyez\u00e9sek);<\/p>\r\n<p><b>2. \u00fajdons\u00e1g<\/b> (a 2010-es \u00e9v kataliz\u00e1tor kezdem\u00e9nyez\u00e9sei).<\/p>\r\n<p>A d\u00edj \u00e9s a d\u00edjkioszt\u00f3:<\/p>\r\n<p>A Kataliz\u00e1tor-d\u00edj a zs\u0171ri \u00e1ltal kiv\u00e1lasztott k\u00e9t projekt szerz\u0151it  projektenk\u00e9nt 500.000 Ft anyagi elismer\u00e9sben r\u00e9szes\u00edti, valamint  felkarolja a d\u00edjazott projekt l\u00e1that\u00f3s\u00e1g\u00e1nak \u00fcgy\u00e9t. A d\u00edjkioszt\u00f3 <b>2010. december 8-\u00e1n<\/b>, a Fuga Budapesti \u00c9p\u00edt\u00e9szeti K\u00f6zpontban lesz az AICA-d\u00edj \u00e1tad\u00e1s\u00e1t k\u00f6vet\u0151en.<\/p>\r\n<\/div>","protected":false},"excerpt":{"rendered":"<p>A tranzit.hu 2010-ben kort\u00e1rs k\u00e9pz\u0151m\u0171v\u00e9szeti d\u00edjat alap\u00edt Kataliz\u00e1tor-d\u00edj n\u00e9ven. A d\u00edj egyar\u00e1nt \u00e9rt\u00e9keli az int\u00e9zm\u00e9nyi h\u00e1tt\u00e9r vagy t\u00e1mogat\u00e1s n\u00e9lk\u00fcl l\u00e9trej\u00f6v\u0151, illetve int\u00e9zm\u00e9nyes kereteken bel\u00fcl megsz\u00fclet\u0151 progressz\u00edv kezdem\u00e9nyez\u00e9seket. Hogy miben \u00e1ll ez a progresszi\u00f3, el\u0151re nem meghat\u00e1rozott, mivel e l\u00e9nyegi k\u00e9rd\u00e9s az alap\u00edt\u00f3 sz\u00e1nd\u00e9k szerint folyamatos szakmai vita t\u00e1rgy\u00e1t k\u00e9pezi majd. A d\u00edj l\u00e9trehoz\u00e1s\u00e1t az a [&hellip;]<\/p>\n","protected":false},"author":1,"featured_media":0,"parent":0,"comment_status":"open","ping_status":"open","sticky":false,"template":"","format":"standard","meta":{"_acf_changed":false,"footnotes":""},"categories":[3],"tags":[],"class_list":["post-821150","post","type-post","status-publish","format-standard","hentry","category-hirek"],"acf":[],"_links":{"self":[{"href":"https:\/\/exindex.hu\/hu\/wp-json\/wp\/v2\/posts\/821150","targetHints":{"allow":["GET"]}}],"collection":[{"href":"https:\/\/exindex.hu\/hu\/wp-json\/wp\/v2\/posts"}],"about":[{"href":"https:\/\/exindex.hu\/hu\/wp-json\/wp\/v2\/types\/post"}],"author":[{"embeddable":true,"href":"https:\/\/exindex.hu\/hu\/wp-json\/wp\/v2\/users\/1"}],"replies":[{"embeddable":true,"href":"https:\/\/exindex.hu\/hu\/wp-json\/wp\/v2\/comments?post=821150"}],"version-history":[{"count":0,"href":"https:\/\/exindex.hu\/hu\/wp-json\/wp\/v2\/posts\/821150\/revisions"}],"wp:attachment":[{"href":"https:\/\/exindex.hu\/hu\/wp-json\/wp\/v2\/media?parent=821150"}],"wp:term":[{"taxonomy":"category","embeddable":true,"href":"https:\/\/exindex.hu\/hu\/wp-json\/wp\/v2\/categories?post=821150"},{"taxonomy":"post_tag","embeddable":true,"href":"https:\/\/exindex.hu\/hu\/wp-json\/wp\/v2\/tags?post=821150"}],"curies":[{"name":"wp","href":"https:\/\/api.w.org\/{rel}","templated":true}]}}