{"id":821152,"date":"2010-11-18T10:38:01","date_gmt":"2010-11-18T09:38:01","guid":{"rendered":"https:\/\/exindex.hu\/?p=821152"},"modified":"2010-11-18T10:39:40","modified_gmt":"2010-11-18T09:39:40","slug":"a-bmw-paris-photo-prize-2010-nyertese","status":"publish","type":"post","link":"https:\/\/exindex.hu\/hu\/hirek\/a-bmw-paris-photo-prize-2010-nyertese\/","title":{"rendered":"A BMW &#8211; Paris Photo Prize 2010 nyertese"},"content":{"rendered":"<p style=\"text-align: left;\">A hetedik alkalommal kiosztott BMW\u2013Paris Photo-d\u00edj idei nyertese az  Amszterdamban \u00e9l\u0151 <a href=\"http:\/\/www.gaborosz.com\/\" target=\"_blank\">\u0150sz G\u00e1bor<\/a> lett.<\/p>\r\n\r\n<p>A nyolcvanas  \u00e9vekben fest\u0151k\u00e9nt indult m\u0171v\u00e9szt a p\u00e1rizsi Loevenbruck Gal\u00e9ria  k\u00e9pviselte a v\u00e1s\u00e1ron. A m\u0171v\u00e9sz <em>\u00c1lland\u00f3 napf\u00e9ny <\/em>(<em>Permanent  Daylight<\/em>) c\u00edm\u0171 k\u00fcl\u00f6nleges camera obscur\u00e1t haszn\u00e1l\u00f3 sorozata  nyerte el az Electric Vision t\u00e9m\u00e1ban meghirdetett d\u00edj zs\u0171rij\u00e9nek  tetsz\u00e9s\u00e9t.<\/p>\r\n\r\n<p>A fot\u00f3t\u00f6rt\u00e9n\u00e9sz Michel Frizot, a 2010-es zs\u0171ri egyik tagja  szerint: \u201e\u0150sz G\u00e1bor munk\u00e1inak eredetis\u00e9ge \u2013 szemben bizonyos mai  klis\u00e9kkel \u2013 annak k\u00f6sz\u00f6nhet\u0151, hogy munk\u00e1i lass\u00faak, dag\u00e1lyoss\u00e1g n\u00e9lk\u00fcl. A  k\u00e9pe sz\u00e1munkra t\u00f6k\u00e9letesen egybev\u00e1gott az Electric Vision tematik\u00e1val.\u201d<\/p>\r\n\r\n<p><img loading=\"lazy\" decoding=\"async\" class=\"aligncenter size-full wp-image-1153\" src=\"\/wp-content\/uploads\/x\/pd.jpg\" alt=\"\" width=\"500\" height=\"460\" \/><\/p>\r\n\r\n<p style=\"text-align: center;\">G\u00e1bor \u0150sz, Permanent daylight N\u00b06, 12.1.2004 -16.1.2004<br \/>\r\n Courtesy Galerie Loevenbruck, Paris<\/p>","protected":false},"excerpt":{"rendered":"<p>A hetedik alkalommal kiosztott BMW\u2013Paris Photo-d\u00edj idei nyertese az Amszterdamban \u00e9l\u0151 \u0150sz G\u00e1bor lett. A nyolcvanas \u00e9vekben fest\u0151k\u00e9nt indult m\u0171v\u00e9szt a p\u00e1rizsi Loevenbruck Gal\u00e9ria k\u00e9pviselte a v\u00e1s\u00e1ron. A m\u0171v\u00e9sz \u00c1lland\u00f3 napf\u00e9ny (Permanent Daylight) c\u00edm\u0171 k\u00fcl\u00f6nleges camera obscur\u00e1t haszn\u00e1l\u00f3 sorozata nyerte el az Electric Vision t\u00e9m\u00e1ban meghirdetett d\u00edj zs\u0171rij\u00e9nek tetsz\u00e9s\u00e9t. A fot\u00f3t\u00f6rt\u00e9n\u00e9sz Michel Frizot, a 2010-es [&hellip;]<\/p>\n","protected":false},"author":1,"featured_media":821153,"parent":0,"comment_status":"open","ping_status":"open","sticky":false,"template":"","format":"standard","meta":{"_acf_changed":false,"footnotes":""},"categories":[3],"tags":[],"class_list":["post-821152","post","type-post","status-publish","format-standard","has-post-thumbnail","hentry","category-hirek"],"acf":[],"_links":{"self":[{"href":"https:\/\/exindex.hu\/hu\/wp-json\/wp\/v2\/posts\/821152","targetHints":{"allow":["GET"]}}],"collection":[{"href":"https:\/\/exindex.hu\/hu\/wp-json\/wp\/v2\/posts"}],"about":[{"href":"https:\/\/exindex.hu\/hu\/wp-json\/wp\/v2\/types\/post"}],"author":[{"embeddable":true,"href":"https:\/\/exindex.hu\/hu\/wp-json\/wp\/v2\/users\/1"}],"replies":[{"embeddable":true,"href":"https:\/\/exindex.hu\/hu\/wp-json\/wp\/v2\/comments?post=821152"}],"version-history":[{"count":0,"href":"https:\/\/exindex.hu\/hu\/wp-json\/wp\/v2\/posts\/821152\/revisions"}],"wp:featuredmedia":[{"embeddable":true,"href":"https:\/\/exindex.hu\/hu\/wp-json\/wp\/v2\/media\/821153"}],"wp:attachment":[{"href":"https:\/\/exindex.hu\/hu\/wp-json\/wp\/v2\/media?parent=821152"}],"wp:term":[{"taxonomy":"category","embeddable":true,"href":"https:\/\/exindex.hu\/hu\/wp-json\/wp\/v2\/categories?post=821152"},{"taxonomy":"post_tag","embeddable":true,"href":"https:\/\/exindex.hu\/hu\/wp-json\/wp\/v2\/tags?post=821152"}],"curies":[{"name":"wp","href":"https:\/\/api.w.org\/{rel}","templated":true}]}}