{"id":821155,"date":"2010-11-18T20:29:48","date_gmt":"2010-11-18T19:29:48","guid":{"rendered":"https:\/\/exindex.hu\/?p=821155"},"modified":"2010-11-18T20:29:48","modified_gmt":"2010-11-18T19:29:48","slug":"latszom","status":"publish","type":"post","link":"https:\/\/exindex.hu\/hu\/hirek\/latszom\/","title":{"rendered":"L\u00e1tszom!"},"content":{"rendered":"<p><strong>Hajl\u00e9ktalan M\u00fbv\u00e9szek Els\u00f5 Orsz\u00e1gos Fesztiv\u00e1lja<\/strong>.<\/p>\r\n\r\n<p>B\u00e1lint H\u00e1z, 1065 Budapest, VI., R\u00e9vay utca 16.<\/p>\r\n\r\n<p><strong>November 20., szombat, 10:00-22:00<\/strong><\/p>\r\n\r\n<p>A m\u00fbv\u00e9szet &#8211; kommunik\u00e1ci\u00f3. A k\u00f6z\u00f6ns\u00e9ggel, a t\u00f6bbi m\u00fbv\u00e9sszel, m\u00e1s m\u00fbvekkel. A hajl\u00e9ktalan l\u00e9t pedig a nem-kommunik\u00e1ci\u00f3, a nem-l\u00e1that\u00f3s\u00e1g. Legal\u00e1bbis a t\u00f6bbs\u00e9g (a nem-hajl\u00e9ktalanok) perspekt\u00edv\u00e1j\u00e1b\u00f3l. Az is ebb\u00f5l a perspekt\u00edv\u00e1b\u00f3l fogalmaz\u00f3dik meg, hogy milyennek l\u00e1tj\u00e1k a nem-hajl\u00e9ktalanok azt, akinek \u201cnincsen ajtaja&#8221; (hogy az egyik m\u00fbv\u00e9sz vers\u00e9b\u00f5l id\u00e9zz\u00fcnk). Rendszerint, \u00e9s persze nagyon is okkal, az l\u00e1tszik, ami nincs &#8211; lak\u00e1s, \u00e1ll\u00e1s, p\u00e9nz, finom illat, rendesen v\u00e1gott haj, m\u00e9lt\u00f3s\u00e1g. Ami van, ami ugyanolyan, mint b\u00e1rki m\u00e1sban, pl\u00e1ne, ami t\u00f6bb, a tehets\u00e9g, az alkot\u00e1s ir\u00e1nti v\u00e1gy, a l\u00e9trehoz\u00e1s \u00e9s megoszt\u00e1s \u00f6r\u00f6me &#8211; ez az, ami nem l\u00e1that\u00f3. Ezek azok a dolgok, amik ment\u00e9n nem szoktunk a hajl\u00e9ktalanokra gondolni.<\/p>\r\n\r\n<p>Most itt a lehet\u00f5s\u00e9g! Nem csak gondolni &#8211; r\u00e9szt venni. Megn\u00e9zni, meghallgatni &#8211; kommunik\u00e1lni. Aj\u00e1nd\u00e9kot k\u00e9sz\u00edteni, vagy csak lenni, egy\u00fctt vel\u00fck. R\u00e9szletek: <a href=\"http:\/\/www.latszom.com\/\" target=\"_blank\">www.latszom.com<\/a><\/p>\r\n\r\n<p>A Diszp\u00e9cserport\u00e1l Bar\u00e1ti K\u00f6r tagjai \u00e1ltal \u00e9letre h\u00edvott \u00f6sszm\u00fbv\u00e9szeti fesztiv\u00e1lon az orsz\u00e1g k\u00fcl\u00f6nb\u00f6z\u00f5 pontjair\u00f3l \u00e9rkez\u00f5 hajl\u00e9ktalan m\u00fbv\u00e9szek \u00e9s m\u00fbv\u00e9szcsoportok mutatkoznak be. (Zalaegerszeg, Gy\u00f5r, Esztergom, Balassagyarmat, stb.) A fesztiv\u00e1l alapgondolata az, hogy a hajl\u00e9ktalan m\u00fbv\u00e9szek az alkot\u00e1saikon kereszt\u00fcl l\u00e1ttass\u00e1k magukat, mint alkot\u00f3, teremt\u00f5, cselekv\u00f5 emberek. Szeretn\u00e9nk, ha \u00e1tfordulna az, ahogy a t\u00e1rsadalmi t\u00f6bbs\u00e9g a megszokott m\u00f3don \u00e9szleli a hajl\u00e9ktalan szem\u00e9lyt, \u00e9s a fesztiv\u00e1l k\u00f6z\u00f6ns\u00e9ge megtapasztaln\u00e1, ahogy passz\u00edvb\u00f3l akt\u00edvv\u00e1 v\u00e1lnak a m\u00fbv\u00e9szek. A partneri viszonyt, a k\u00f6lcs\u00f6n\u00f6ss\u00e9get szeretn\u00e9nk megteremteni ezzel a rendezv\u00e9nnyel.<\/p>","protected":false},"excerpt":{"rendered":"<p>Hajl\u00e9ktalan M\u00fbv\u00e9szek Els\u00f5 Orsz\u00e1gos Fesztiv\u00e1lja. B\u00e1lint H\u00e1z, 1065 Budapest, VI., R\u00e9vay utca 16. November 20., szombat, 10:00-22:00 A m\u00fbv\u00e9szet &#8211; kommunik\u00e1ci\u00f3. A k\u00f6z\u00f6ns\u00e9ggel, a t\u00f6bbi m\u00fbv\u00e9sszel, m\u00e1s m\u00fbvekkel. A hajl\u00e9ktalan l\u00e9t pedig a nem-kommunik\u00e1ci\u00f3, a nem-l\u00e1that\u00f3s\u00e1g. Legal\u00e1bbis a t\u00f6bbs\u00e9g (a nem-hajl\u00e9ktalanok) perspekt\u00edv\u00e1j\u00e1b\u00f3l. Az is ebb\u00f5l a perspekt\u00edv\u00e1b\u00f3l fogalmaz\u00f3dik meg, hogy milyennek l\u00e1tj\u00e1k a nem-hajl\u00e9ktalanok azt, [&hellip;]<\/p>\n","protected":false},"author":1,"featured_media":0,"parent":0,"comment_status":"open","ping_status":"open","sticky":false,"template":"","format":"standard","meta":{"_acf_changed":false,"footnotes":""},"categories":[3],"tags":[],"class_list":["post-821155","post","type-post","status-publish","format-standard","hentry","category-hirek"],"acf":[],"_links":{"self":[{"href":"https:\/\/exindex.hu\/hu\/wp-json\/wp\/v2\/posts\/821155","targetHints":{"allow":["GET"]}}],"collection":[{"href":"https:\/\/exindex.hu\/hu\/wp-json\/wp\/v2\/posts"}],"about":[{"href":"https:\/\/exindex.hu\/hu\/wp-json\/wp\/v2\/types\/post"}],"author":[{"embeddable":true,"href":"https:\/\/exindex.hu\/hu\/wp-json\/wp\/v2\/users\/1"}],"replies":[{"embeddable":true,"href":"https:\/\/exindex.hu\/hu\/wp-json\/wp\/v2\/comments?post=821155"}],"version-history":[{"count":0,"href":"https:\/\/exindex.hu\/hu\/wp-json\/wp\/v2\/posts\/821155\/revisions"}],"wp:attachment":[{"href":"https:\/\/exindex.hu\/hu\/wp-json\/wp\/v2\/media?parent=821155"}],"wp:term":[{"taxonomy":"category","embeddable":true,"href":"https:\/\/exindex.hu\/hu\/wp-json\/wp\/v2\/categories?post=821155"},{"taxonomy":"post_tag","embeddable":true,"href":"https:\/\/exindex.hu\/hu\/wp-json\/wp\/v2\/tags?post=821155"}],"curies":[{"name":"wp","href":"https:\/\/api.w.org\/{rel}","templated":true}]}}