{"id":821158,"date":"2010-11-19T17:13:54","date_gmt":"2010-11-19T16:13:54","guid":{"rendered":"https:\/\/exindex.hu\/?p=821158"},"modified":"2010-11-19T17:13:54","modified_gmt":"2010-11-19T16:13:54","slug":"check-in-budapest-marta-szymanskaval","status":"publish","type":"post","link":"https:\/\/exindex.hu\/hu\/hirek\/check-in-budapest-marta-szymanskaval\/","title":{"rendered":"Check in Budapest Marta Szymansk\u00e1val"},"content":{"rendered":"<p>Az ACAX | Nemzetk\u00f6zi Kort\u00e1rs K\u00e9pz\u0151m\u0171v\u00e9szeti Iroda kur\u00e1tori vizitorprogramj\u00e1nak vend\u00e9ge:<br \/>\r\nMarta Szymanska, a \u0142odz-i FOTOFESTIWAL Nemzetk\u00f6zi Fotogr\u00e1fiai Fesztiv\u00e1l m\u0171v\u00e9szeti koordin\u00e1tora, aki a fesztiv\u00e1l kur\u00e1tori \u00e9s programszervez\u0151i gyakorlat\u00e1r\u00f3l tart el\u0151ad\u00e1st.<\/p>\r\n<p>Id\u0151pont: <strong>2010. november 22. (h\u00e9tf\u0151) 18.00<\/strong><br \/>\r\nHelysz\u00edn: LudwigInzert (1085 Budapest, J\u00f3zsef krt. 70, a J\u00f3zsef k\u00f6r\u00fat \u00e9s a Nap utca sark\u00e1n)<\/p>\r\n<p>A k\u00f6vetkez\u0151 FOTOFESTIWAL 2011. m\u00e1jus 5. \u00e9s 30. k\u00f6z\u00f6tt ker\u00fcl megrendez\u00e9sre. A fesztiv\u00e1l programja h\u00e1rom f\u0151 szekci\u00f3b\u00f3l \u00e1ll:<\/p>\r\n<p> * OUT OF LIFE: a Krzysztof Candrowicz and Nina Kassianou \u00e1ltal kur\u00e1lt ki\u00e1ll\u00edt\u00e1s a menek\u00fcl\u00e9s, az elsz\u00f6k\u00e9s, az alternat\u00edv val\u00f3s\u00e1gok fogalmait tematiz\u00e1lja a kort\u00e1rs kult\u00far\u00e1ban \u00e9s t\u00e1rsadalomban.<\/p>\r\n<p> * OUT OF SPACE: a szekci\u00f3 keret\u00e9ben \u2013 a klasszikus m\u00fazeumi \u00e9s gal\u00e9riaterekb\u0151l kil\u00e9pve \u2013 10 k\u00f6zt\u00e9ri projekt val\u00f3sul meg \u0141\u00f3d\u017a utc\u00e1in \u00e9s terein. A projektek a Fotofestiwal nemzetk\u00f6zi p\u00e1ly\u00e1zat\u00e1ra be\u00e9rkezett munk\u00e1k k\u00f6z\u00fcl ker\u00fclnek kiv\u00e1laszt\u00e1sra, a leg\u00e9rdekesebb k\u00f6zt\u00e9ri alkot\u00e1s nyeri el a Grand Prix Fotofestiwal-t.<\/p>\r\n<p> * OUT OF MIND: a ki\u00e1ll\u00edt\u00e1s az \u0151r\u00fclet, a furcsas\u00e1g, a k\u00fcl\u00f6ncs\u00e9g \u00e9s az excentrizmus t\u00e9m\u00e1i k\u00f6r\u00e9 szervez\u0151dik; els\u0151sorban a kort\u00e1rs fotogr\u00e1fi\u00e1ban kutatva ezeket a magatart\u00e1smint\u00e1kat. A t\u00e1rlat kur\u00e1torai ugyanakkor t\u00f6rt\u00e9neti anyagokb\u00f3l is v\u00e1logatnak (gy\u0171jtem\u00e9nyek, videoprojektek).<\/p>\r\n<p>Minden \u00e9rdekl\u0151d\u0151t szeretettel v\u00e1runk! Az el\u0151ad\u00e1s nyelve angol.<\/p>\r\n<p>Marta Szyma\u0144ska (1980) \u0141\u00f3d\u017a-ban \u00e9l \u00e9s dolgozik. 2010 j\u00faniusa \u00f3ta a FOTOFESTIWAL International Festival of Photography in Lodz m\u0171v\u00e9szeti koordin\u00e1tora. 2005-t\u0151l 2008-ig a Foundation of Visual Education \u00e9s a \u0141\u00f3d\u017a Art Center kiadv\u00e1nyainak f\u0151szerkeszt\u0151je volt, majd a \u0142\u00f3d\u017a-i fot\u00f3fesztiv\u00e1l projekt menedzserek\u00e9nt dolgozott. 2005 \u00f3ta az Eur\u00f3pa vezet\u0151 fot\u00f3m\u0171v\u00e9szeti fesztiv\u00e1ljait reprezent\u00e1l\u00f3 Photo Festival Union szervezet koordin\u00e1tora.<\/p>\r\n<p>Link:<br \/>\r\n<a href=\"http:\/\/www.fotofestiwal.com\" target=\"_blank\">www.fotofestiwal.com<\/a><\/p>","protected":false},"excerpt":{"rendered":"<p>Az ACAX | Nemzetk\u00f6zi Kort\u00e1rs K\u00e9pz\u0151m\u0171v\u00e9szeti Iroda kur\u00e1tori vizitorprogramj\u00e1nak vend\u00e9ge: Marta Szymanska, a \u0142odz-i FOTOFESTIWAL Nemzetk\u00f6zi Fotogr\u00e1fiai Fesztiv\u00e1l m\u0171v\u00e9szeti koordin\u00e1tora, aki a fesztiv\u00e1l kur\u00e1tori \u00e9s programszervez\u0151i gyakorlat\u00e1r\u00f3l tart el\u0151ad\u00e1st. Id\u0151pont: 2010. november 22. (h\u00e9tf\u0151) 18.00 Helysz\u00edn: LudwigInzert (1085 Budapest, J\u00f3zsef krt. 70, a J\u00f3zsef k\u00f6r\u00fat \u00e9s a Nap utca sark\u00e1n) A k\u00f6vetkez\u0151 FOTOFESTIWAL 2011. m\u00e1jus [&hellip;]<\/p>\n","protected":false},"author":1,"featured_media":0,"parent":0,"comment_status":"closed","ping_status":"closed","sticky":false,"template":"","format":"standard","meta":{"_acf_changed":false,"footnotes":""},"categories":[3],"tags":[],"class_list":["post-821158","post","type-post","status-publish","format-standard","hentry","category-hirek"],"acf":[],"_links":{"self":[{"href":"https:\/\/exindex.hu\/hu\/wp-json\/wp\/v2\/posts\/821158","targetHints":{"allow":["GET"]}}],"collection":[{"href":"https:\/\/exindex.hu\/hu\/wp-json\/wp\/v2\/posts"}],"about":[{"href":"https:\/\/exindex.hu\/hu\/wp-json\/wp\/v2\/types\/post"}],"author":[{"embeddable":true,"href":"https:\/\/exindex.hu\/hu\/wp-json\/wp\/v2\/users\/1"}],"replies":[{"embeddable":true,"href":"https:\/\/exindex.hu\/hu\/wp-json\/wp\/v2\/comments?post=821158"}],"version-history":[{"count":0,"href":"https:\/\/exindex.hu\/hu\/wp-json\/wp\/v2\/posts\/821158\/revisions"}],"wp:attachment":[{"href":"https:\/\/exindex.hu\/hu\/wp-json\/wp\/v2\/media?parent=821158"}],"wp:term":[{"taxonomy":"category","embeddable":true,"href":"https:\/\/exindex.hu\/hu\/wp-json\/wp\/v2\/categories?post=821158"},{"taxonomy":"post_tag","embeddable":true,"href":"https:\/\/exindex.hu\/hu\/wp-json\/wp\/v2\/tags?post=821158"}],"curies":[{"name":"wp","href":"https:\/\/api.w.org\/{rel}","templated":true}]}}