{"id":821159,"date":"2010-11-21T18:57:00","date_gmt":"2010-11-21T17:57:00","guid":{"rendered":"https:\/\/exindex.hu\/?p=821159"},"modified":"2010-11-28T21:42:09","modified_gmt":"2010-11-28T20:42:09","slug":"video-prezentaciok-23-erhardt-miklos","status":"publish","type":"post","link":"https:\/\/exindex.hu\/hu\/hirek\/video-prezentaciok-23-erhardt-miklos\/","title":{"rendered":"Vide\u00f3 prezent\u00e1ci\u00f3k 23. &#8211; Erhardt Mikl\u00f3s"},"content":{"rendered":"<p>Az <a href=\"http:\/\/www.crosstalk.hu\/\" target=\"_blank\">\u00c1thall\u00e1s<\/a> Videom\u0171v\u00e9szeti Fesztiv\u00e1l, Budapest r\u00e9szprogramjak\u00e9nt elindult a havonta   megrendezend\u0151 <em>Vide\u00f3 prezent\u00e1ci\u00f3k<\/em> sorozat. Az egy est\u00e9s  besz\u00e9lget\u00e9s-sorozat megh\u00edvottjai magyar \u00e9s     k\u00fclf\u00f6ldi vide\u00f3- illetve  m\u00e9diam\u0171v\u00e9szek. Az esem\u00e9ny c\u00e9lja els\u0151sorban a     kort\u00e1rs magyar  videom\u0171v\u00e9szettel foglalkoz\u00f3 alkot\u00f3k bemutat\u00e1sa a     k\u00fclf\u00f6ldi szc\u00e9na  k\u00e9pvisel\u0151ivel egyetemben, m\u00e1sodsorban a vide\u00f3m\u0171v\u00e9szet   megismertet\u00e9se, felkarol\u00e1sa.<\/p>\r\n\r\n<p>T\u00f6bb helysz\u00ednv\u00e1lt\u00e1s ut\u00e1n, most rem\u00e9lhet\u0151leg megtal\u00e1ltuk a v\u00e9gleges  helysz\u00ednt, a <strong>LudwigInzert<\/strong>et (kor\u00e1bbi J\u00f3zsefv\u00e1rosi Gal\u00e9ria, <strong>1085  Budapest, J\u00f3zsef krt. 70.<\/strong>), mely 2010-t\u0151l a Ludwig M\u00fazeum kihelyezett  helysz\u00ednek\u00e9nt funkcion\u00e1l.<\/p>\r\n\r\n<p>K\u00f6vetkez\u0151 megh\u00edvott el\u0151ad\u00f3: <strong>Erhardt Mikl\u00f3s<\/strong><\/p>\r\n\r\n<p>Id\u0151pont: <strong>2010. november 24, szerda, 19h<\/strong><\/p>\r\n\r\n<p>1998-ban v\u00e9gzett a Magyar K\u00e9pz\u0151m\u0171v\u00e9szeti Egyetem intermedia szak\u00e1n; az\u00f3ta akt\u00edv ki\u00e1ll\u00edt\u00f3 m\u0171v\u00e9sz. 1998-ban kapcsol\u00f3dott be a <a href=\"http:\/\/www.bbsarchiv.hu\/\" target=\"_blank\">Bal\u00e1zs B\u00e9la St\u00fadi\u00f3<\/a> munk\u00e1j\u00e1ba, majd az Alap\u00edtv\u00e1ny kurat\u00f3rium\u00e1nak tagja lett, ahol 2000-ig m\u0171k\u00f6d\u00f6tt.<\/p>\r\n\r\n<p>A filmk\u00e9sz\u00edt\u00e9s mellett \u00e9rdekl\u0151d\u00e9se egyes t\u00e1rsadalmi probl\u00e9m\u00e1k m\u0171v\u00e9szi megjelen\u00edt\u00e9se fel\u00e9 fordult. A hajl\u00e9ktalanok marginaliz\u00e1lt \u00e9letvil\u00e1g\u00e1t dokument\u00e1l\u00f3, empatikus \u00e9s \u00fajszer\u0171 fot\u00f3sorozat, a Dominic Hisloppal k\u00f6z\u00f6sen k\u00e9sz\u00edtett <a href=\"http:\/\/www.c3.hu\/collection\/homeless\/\" target=\"_blank\">Saj\u00e1t szemmel<\/a> c\u00edm\u0171 projekt sz\u00e9lesk\u00f6r\u0171 nemzetk\u00f6zi figyelmet keltett. <span> <\/span>2000-t\u0151l 2005-ig Hisloppal k\u00f6z\u00f6sen dolgozott a <a href=\"http:\/\/www.bighope.hu\/\" target=\"_blank\">Big Hope<\/a> m\u0171v\u00e9szcsoportban, t\u00f6bb t\u00e1rsadalmi dokument\u00e1ci\u00f3s \u00e9s r\u00e9szv\u00e9telre \u00e9p\u00fcl\u0151 projektet hozva l\u00e9tre, els\u0151sorban nemzetk\u00f6zi kontextusban.<\/p>\r\n\r\n<p>2006 \u00f3ta \u00f6n\u00e1ll\u00f3an dolgozik \u00e9s \u00e1ll\u00edt ki; munk\u00e1i k\u00f6z\u00f6tt tal\u00e1lni k\u00f6zt\u00e9ri intervenci\u00f3t, interj\u00fa- illetve k\u00f6nyv-projekteket, install\u00e1ci\u00f3kat. Video-munk\u00e1i szerepeltek a Magyar Filmszemle (1999) \u00e9s a <em>Cinema du R\u00e9el<\/em>, Festival international de films etnographiques et sociologiques (Centre Pompidou, 2) versenyprogramj\u00e1ban, valamint, sz\u00e1mos m\u00e1s ki\u00e1ll\u00edt\u00e1s mellett, a <em>Vid\u00e9os Europa<\/em> c\u00edm\u0171 nemzetk\u00f6zi szeml\u00e9n (Le Fresnoy, Lille, 2008).<\/p>\r\n\r\n<p>A programban friss, illetve be nem mutatott m\u0171vek szerepelnek.<br \/>\r\n<br \/>\r\n<a href=\"http:\/\/www.viddler.com\/explore\/tbrVideos\/videos\/33\/\" target=\"_blank\">http:\/\/www.viddler.com\/explore\/tbrVideos\/videos\/33\/<\/a><\/p>","protected":false},"excerpt":{"rendered":"<p>Az \u00c1thall\u00e1s Videom\u0171v\u00e9szeti Fesztiv\u00e1l, Budapest r\u00e9szprogramjak\u00e9nt elindult a havonta megrendezend\u0151 Vide\u00f3 prezent\u00e1ci\u00f3k sorozat. Az egy est\u00e9s besz\u00e9lget\u00e9s-sorozat megh\u00edvottjai magyar \u00e9s k\u00fclf\u00f6ldi vide\u00f3- illetve m\u00e9diam\u0171v\u00e9szek. Az esem\u00e9ny c\u00e9lja els\u0151sorban a kort\u00e1rs magyar videom\u0171v\u00e9szettel foglalkoz\u00f3 alkot\u00f3k bemutat\u00e1sa a k\u00fclf\u00f6ldi szc\u00e9na k\u00e9pvisel\u0151ivel egyetemben, m\u00e1sodsorban a vide\u00f3m\u0171v\u00e9szet megismertet\u00e9se, felkarol\u00e1sa. T\u00f6bb helysz\u00ednv\u00e1lt\u00e1s ut\u00e1n, most rem\u00e9lhet\u0151leg megtal\u00e1ltuk a v\u00e9gleges helysz\u00ednt, a [&hellip;]<\/p>\n","protected":false},"author":1,"featured_media":0,"parent":0,"comment_status":"open","ping_status":"open","sticky":false,"template":"","format":"standard","meta":{"_acf_changed":false,"footnotes":""},"categories":[3],"tags":[],"class_list":["post-821159","post","type-post","status-publish","format-standard","hentry","category-hirek"],"acf":[],"_links":{"self":[{"href":"https:\/\/exindex.hu\/hu\/wp-json\/wp\/v2\/posts\/821159","targetHints":{"allow":["GET"]}}],"collection":[{"href":"https:\/\/exindex.hu\/hu\/wp-json\/wp\/v2\/posts"}],"about":[{"href":"https:\/\/exindex.hu\/hu\/wp-json\/wp\/v2\/types\/post"}],"author":[{"embeddable":true,"href":"https:\/\/exindex.hu\/hu\/wp-json\/wp\/v2\/users\/1"}],"replies":[{"embeddable":true,"href":"https:\/\/exindex.hu\/hu\/wp-json\/wp\/v2\/comments?post=821159"}],"version-history":[{"count":0,"href":"https:\/\/exindex.hu\/hu\/wp-json\/wp\/v2\/posts\/821159\/revisions"}],"wp:attachment":[{"href":"https:\/\/exindex.hu\/hu\/wp-json\/wp\/v2\/media?parent=821159"}],"wp:term":[{"taxonomy":"category","embeddable":true,"href":"https:\/\/exindex.hu\/hu\/wp-json\/wp\/v2\/categories?post=821159"},{"taxonomy":"post_tag","embeddable":true,"href":"https:\/\/exindex.hu\/hu\/wp-json\/wp\/v2\/tags?post=821159"}],"curies":[{"name":"wp","href":"https:\/\/api.w.org\/{rel}","templated":true}]}}