{"id":821162,"date":"2010-11-20T22:24:16","date_gmt":"2010-11-20T21:24:16","guid":{"rendered":"https:\/\/exindex.hu\/?p=821162"},"modified":"2010-12-04T20:12:57","modified_gmt":"2010-12-04T19:12:57","slug":"az-aica-dij-2010-evi-jeloltjei","status":"publish","type":"post","link":"https:\/\/exindex.hu\/hu\/hirek\/az-aica-dij-2010-evi-jeloltjei\/","title":{"rendered":"Az AICA-d\u00edj 2010. \u00e9vi jel\u00f6ltjei"},"content":{"rendered":"<p><span style=\"font-family: Arial;\"> <\/span><\/p>\r\n\r\n\r\n<h2>M\u0171v\u00e9szek<\/h2>\r\n\r\n\r\n<p>Borsos L\u0151rinc<br \/>\r\n Cs\u00e1k\u00e1ny Istv\u00e1n<br \/>\r\n Cs\u00e1ky Marianne<br \/>\r\n Csosz\u00f3 Gabriella<br \/>\r\n Gerber P\u00e1l<br \/>\r\n Gerhes G\u00e1bor<br \/>\r\n Horv\u00e1th Tibor &#8211; M\u00e9cs Mikl\u00f3s<br \/>\r\n Ivan \u00e9s Igor Buharov<br \/>\r\n Keserue Zsolt<br \/>\r\n Khoor Lilla<br \/>\r\n Pl\u00e1gium 2000<br \/>\r\n Szab\u00f3 P\u00e9ter<br \/>\r\n Szentj\u00f3by Tam\u00e1s<br \/>\r\n Szombathy B\u00e1lint<br \/>\r\n Ugl\u00e1r Csaba<br \/>\r\n V\u00e1rnai Gyula<\/p>\r\n\r\n<p><br class=\"spacer_\" \/><\/p>\r\n\r\n\r\n<h2>Kur\u00e1torok<\/h2>\r\n\r\n\r\n<p>Andr\u00e1s Edit<br \/>\r\n A <a href=\"http:\/\/vimeo.com\/12239057\" target=\"_blank\">Gender Check<\/a> ki\u00e1ll\u00edt\u00e1s magyar anyag\u00e1nak v\u00e1logat\u00e1s\u00e1\u00e9rt.<br \/>\r\n B\u00e9cs, Museum Moderner Kunst<\/p>\r\n\r\n<p>Angel Judit<br \/>\r\n <a href=\"\/index.php?l=hu&amp;page=14&amp;id=53834\" target=\"_blank\">\u00d6sszef\u00fcgg\u0151 terek<\/a>, Ernst M\u00fazeum<br \/>\r\n K\u00f6ztes id\u0151 sorozat<\/p>\r\n\r\n<p>Er\u0151ss Nikolett \u00e9s Z\u00f3lyom Franciska<br \/>\r\n <a href=\"\/index.php?l=hu&amp;page=14&amp;id=53513\" target=\"_blank\">A nagy \u00fczlet, Sz\u00e9tszerelt vil\u00e1g<\/a>. Traf\u00f3 \u00e9s ICA-D<\/p>\r\n\r\n<p>Hegyi D\u00f3ra<br \/>\r\n <a href=\"http:\/\/www.badischer-kunstverein.de\/index.php?Direction=Programm&amp;list=Ausstellungen&amp;Jahr=&amp;Detail=163\" target=\"_blank\">IPUT<\/a>, Badischer Kunstverein, Karlsruhe<\/p>\r\n\r\n<p>Hock Bea &#8211; Z\u00f3lyom Franciska<br \/>\r\n <a href=\"http:\/\/www.agentsandprovocateurs.net\/\" target=\"_blank\">Agents and Provocateurs<\/a>, ICA-D, HMKV, Dortmund<\/p>\r\n\r\n<p>K\u00e1lm\u00e1n Rita \u00e9s Stepanovic Tijana<br \/>\r\n <a href=\"http:\/\/www.ludwigmuseum.hu\/site.php?inc=kiallitas&amp;menuId=43&amp;kiallitasId=723\" target=\"_blank\">Keleten a helyzet<\/a>. K\u00f6z\u00e9p- \u00e9s kelet-eur\u00f3pai videom\u0171v\u00e9szet, Ludwig M\u00fazeum<\/p>\r\n\r\n<p>K\u00e9szman J\u00f3zsef<br \/>\r\n V\u00e1rnai Gyula. <a href=\"http:\/\/mucsarnok.hu\/new_site\/index.php?lang=hu&amp;cm=archiv&amp;miben=ernst&amp;cmid=540\" target=\"_blank\">Ugyanaz a patak<\/a>, Ernst M\u00fazeum<\/p>\r\n\r\n<p>Maurer D\u00f3ra<br \/>\r\n <a href=\"http:\/\/www.osas.hu\/\" target=\"_blank\">OSAS<\/a> ki\u00e1ll\u00edt\u00e1sok a Vasarely M\u00fazeumban<\/p>\r\n\r\n<p>Oltai Kata<br \/>\r\n <a href=\"http:\/\/www.ludwigmuseum.hu\/site.php?inc=kiallitas&amp;kiallitasId=729&amp;menuId=43\" target=\"_blank\">Gerber P\u00e1l retrospekt\u00edv<\/a> ki\u00e1ll\u00edt\u00e1sa, Ludwig M\u00fazeum<\/p>\r\n\r\n<p>P\u00e1ldi L\u00edvia<br \/>\r\n <a href=\"\/index.php?l=hu&amp;page=14&amp;id=53364\" target=\"_blank\">BBS 50. M\u00e1s hangok, m\u00e1s szob\u00e1k<\/a>, M\u0171csarnok<\/p>\r\n\r\n<p>Somogyi Hajnalka<br \/>\r\n A k\u00e9pzelet tudom\u00e1nya, Ludwig M\u00fazeum<\/p>\r\n\r\n<p>Tim\u00e1r Katalin<br \/>\r\n <a href=\"\/index.php?l=hu&amp;page=14&amp;id=53670\" target=\"_blank\">Ludwig M\u00fazeum gy\u0171jtem\u00e9ny\u00e9<\/a>nek ki\u00e1ll\u00edt\u00e1sa<\/p>\r\n\r\n<p><br class=\"spacer_\" \/><\/p>\r\n\r\n\r\n<h2>Kritikusok<\/h2>\r\n\r\n\r\n<p>Andr\u00e1si G\u00e1bor:<br \/>\r\n <a href=\"http:\/\/hvg.hu\/kultura\/20100909_kovasznai_gyorgy_eletmu_kiallitas\" target=\"_blank\">A fest\u00e9k l\u00e1zad\u00e1sa<\/a>. M\u0171\u00e9rt\u0151, 2010. szeptember<\/p>\r\n\r\n<p>Csatl\u00f3s Judit:<br \/>\r\n <a href=\"http:\/\/www.balkon.hu\/2010\/2010_04\/2010_04.html\" target=\"_blank\">Az \u00f6r\u00f6k \u00edg\u00e9ret<\/a> &#8211; &#8222;Bemegyek, Kij\u00f6v\u00f6k. De milyen j\u00f3\u00f3\u00f3l kij\u00f6v\u00f6k, ha bemegyek&#8230;&#8221;<br \/>\r\n Balkon, 2010\/4.<\/p>\r\n\r\n<p>Hornyik S\u00e1ndor:<br \/>\r\n <a href=\"http:\/\/tranzit.blog.hu\/2010\/03\/12\/a_harc_torvenye_avagy_az_avatar_atka#more1834397\" target=\"_blank\">A harc t\u00f6rv\u00e9nye, avagy az avatar \u00e1tka<\/a><br \/>\r\n tranzit.blog<\/p>\r\n\r\n<p>Katarina Sevic &#8211; K\u00e1lm\u00e1n Rita:<br \/>\r\n <a href=\"http:\/\/tranzit.blog.hu\/2010\/07\/19\/recenzio_3\" target=\"_blank\">Nem kacs\u00e1k vagyunk egy tavon, hanem haj\u00f3k a tengeren<\/a> &#8211; f\u00fcggetlen m\u0171v\u00e9szeti helyek Budapesten 1989-2009<\/p>\r\n\r\n<p>K\u00fcrti Emese:<br \/>\r\n <a href=\"\/index.php?l=hu&amp;page=3&amp;id=773\" target=\"_blank\">Dezorient\u00e1ljuk a csapatokat,<\/a><br \/>\r\n exindex<\/p>\r\n\r\n<p>Mojzer Anna: <br \/>\r\n Herkules oszlopai.<br \/>\r\n M\u0171\u00e9rt\u0151, 2010. janu\u00e1r, 3. oldal.<\/p>\r\n\r\n<p>Najm\u00e1nyi L\u00e1szl\u00f3:<br \/>\r\n <a href=\"http:\/\/balkon.hu\/2010\/2010_01\/2010_01.html\" target=\"_blank\">Spions sorozat<\/a>,<br \/>\r\n Balkon<\/p>\r\n\r\n<p>Tim\u00e1r Katalin \u00e9s Iparterves: <br \/>\r\n <a href=\"http:\/\/blog.hu\/user\/314204\/tab\/activity\" target=\"_blank\">Tranzitblog kommentek<\/a><\/p>\r\n\r\n<p><strong>\u00cdr\u00e1sok megnevez\u00e9se n\u00e9lk\u00fcl:<\/strong><\/p>\r\n\r\n<p>D\u00e9kei Krisztina<br \/>\r\n Erhardt Mikl\u00f3s<br \/>\r\n Feh\u00e9r D\u00e1vid<br \/>\r\n M\u00e9lyi J\u00f3zsef<\/p>\r\n\r\n<p><br class=\"spacer_\" \/><\/p>","protected":false},"excerpt":{"rendered":"<p>M\u0171v\u00e9szek Borsos L\u0151rinc Cs\u00e1k\u00e1ny Istv\u00e1n Cs\u00e1ky Marianne Csosz\u00f3 Gabriella Gerber P\u00e1l Gerhes G\u00e1bor Horv\u00e1th Tibor &#8211; M\u00e9cs Mikl\u00f3s Ivan \u00e9s Igor Buharov Keserue Zsolt Khoor Lilla Pl\u00e1gium 2000 Szab\u00f3 P\u00e9ter Szentj\u00f3by Tam\u00e1s Szombathy B\u00e1lint Ugl\u00e1r Csaba V\u00e1rnai Gyula Kur\u00e1torok Andr\u00e1s Edit A Gender Check ki\u00e1ll\u00edt\u00e1s magyar anyag\u00e1nak v\u00e1logat\u00e1s\u00e1\u00e9rt. B\u00e9cs, Museum Moderner Kunst Angel Judit \u00d6sszef\u00fcgg\u0151 [&hellip;]<\/p>\n","protected":false},"author":1,"featured_media":0,"parent":0,"comment_status":"open","ping_status":"open","sticky":false,"template":"","format":"standard","meta":{"_acf_changed":false,"footnotes":""},"categories":[3],"tags":[],"class_list":["post-821162","post","type-post","status-publish","format-standard","hentry","category-hirek"],"acf":[],"_links":{"self":[{"href":"https:\/\/exindex.hu\/hu\/wp-json\/wp\/v2\/posts\/821162","targetHints":{"allow":["GET"]}}],"collection":[{"href":"https:\/\/exindex.hu\/hu\/wp-json\/wp\/v2\/posts"}],"about":[{"href":"https:\/\/exindex.hu\/hu\/wp-json\/wp\/v2\/types\/post"}],"author":[{"embeddable":true,"href":"https:\/\/exindex.hu\/hu\/wp-json\/wp\/v2\/users\/1"}],"replies":[{"embeddable":true,"href":"https:\/\/exindex.hu\/hu\/wp-json\/wp\/v2\/comments?post=821162"}],"version-history":[{"count":0,"href":"https:\/\/exindex.hu\/hu\/wp-json\/wp\/v2\/posts\/821162\/revisions"}],"wp:attachment":[{"href":"https:\/\/exindex.hu\/hu\/wp-json\/wp\/v2\/media?parent=821162"}],"wp:term":[{"taxonomy":"category","embeddable":true,"href":"https:\/\/exindex.hu\/hu\/wp-json\/wp\/v2\/categories?post=821162"},{"taxonomy":"post_tag","embeddable":true,"href":"https:\/\/exindex.hu\/hu\/wp-json\/wp\/v2\/tags?post=821162"}],"curies":[{"name":"wp","href":"https:\/\/api.w.org\/{rel}","templated":true}]}}