{"id":821164,"date":"2010-11-24T02:27:31","date_gmt":"2010-11-24T01:27:31","guid":{"rendered":"https:\/\/exindex.hu\/?p=821164"},"modified":"2010-11-28T21:38:14","modified_gmt":"2010-11-28T20:38:14","slug":"budapest-art-fair-2010","status":"publish","type":"post","link":"https:\/\/exindex.hu\/hu\/hirek\/budapest-art-fair-2010\/","title":{"rendered":"Budapest Art Fair 2010"},"content":{"rendered":"<p>Modern \u00e9s kort\u00e1rs ki\u00e1ll\u00edt\u00e1s \u00e9s v\u00e1s\u00e1r a M\u0171csarnokban<\/p>\r\n\r\n<p>Nyitva tart\u00e1s: 2010. november 25-28-ig<br \/>\r\n cs\u00fct\u00f6rt\u00f6k-p\u00e9ntek: 11:00-20:00<br \/>\r\n szombat: 10:00-22:00<br \/>\r\n vas\u00e1rnap: 10:00-19:00<\/p>\r\n\r\n<p>Bel\u00e9p\u0151jegy: 2.500,-<br \/>\r\n Nyugd\u00edjasoknak, di\u00e1koknak: 1.500,-<br \/>\r\n Jegy katal\u00f3gussal: 4.000,-<br \/>\r\n Katal\u00f3gus: 3.000,-<\/p>\r\n\r\n<p><a href=\"http:\/\/www.budapestartfair.hu\/\" target=\"_blank\">http:\/\/www.budapestartfair.hu <\/a><\/p>\r\n\r\n<p style=\"text-align: center;\"><a href=\"\/wp-content\/uploads\/x\/kicsiny.jpg\"><img loading=\"lazy\" decoding=\"async\" class=\"aligncenter size-medium wp-image-1173\" src=\"\/wp-content\/uploads\/x\/kicsiny-450x301.jpg\" alt=\"\" width=\"450\" height=\"301\" \/><\/a><\/p>\r\n\r\n<p>A Budapest Art Fair id\u00e9n modern, illetve kort\u00e1rs k\u00e9pz\u0151m\u0171v\u00e9szeti  alkot\u00e1sokat vonultat fel nemzetk\u00f6zi \u00e9s hazai gal\u00e9ri\u00e1k  k\u00f6zrem\u0171k\u00f6d\u00e9s\u00e9vel.<\/p>\r\n\r\n<p><strong>Heroes Corner<\/strong><br \/>\r\n Id\u00e9n  egy speci\u00e1lis &#8211; a P\u00e1rizsi Bienn\u00e1l\u00e9n deb\u00fct\u00e1lt &#8211; install\u00e1ci\u00f3s  \u00f6tlet megval\u00f3s\u00edt\u00e1s\u00e1val tucatnyi orsz\u00e1g majd\u2019 30 gal\u00e9ri\u00e1ja ad betekint\u00e9st  K\u00f6z\u00e9p \u00e9s Kelet Eur\u00f3pa m\u0171v\u00e9szeinek \u00e9s gal\u00e9ri\u00e1inak vil\u00e1g\u00e1ba  egy k\u00f6z\u00f6s standon, m\u00e9retben, technik\u00e1ban, hangv\u00e9telben v\u00e1ltozatos  \u00f6sszk\u00e9pet adva a r\u00e9gi\u00f3r\u00f3l.<\/p>\r\n\r\n<p><strong>Rodchenko ki\u00e1ll\u00edt\u00e1s<\/strong><br \/>\r\n A  M\u0171csarnok \u00f6n\u00e1ll\u00f3 term\u00e9ben rendezik meg az orosz fotogr\u00e1fia 20-as, 30as  \u00e9v\u00e9t szeml\u00e9ltet\u0151 ki\u00e1ll\u00edt\u00e1st, a korszak legjobb fot\u00f3sainak karakteres  \u00e9letm\u0171v\u00e9b\u0151l v\u00e1logatva. 80 darab, eredeti negat\u00edvokr\u00f3l k\u00e9zzel k\u00e9sz\u00edtett  nagy\u00edt\u00e1s \u00e9rkezik erre a n\u00e9gy napra Budapestre. Az anyag konstruktivista  r\u00e9sz\u00e9t Alexander Rodchenko \u00e9s kort\u00e1rsai &#8211; Boris Ignatovich, Elizaveta  Ignatovich, \u00e9s Michael Prekhner adj\u00e1k. A riportm\u0171fajban, mely a korabeli  mag\u00e1n\u00e9let, kult\u00fara vagy a propaganda ter\u00fcleteit mutatj\u00e1k Shaikhet,  Evzerikhin, Shagin, Egorov vagy Markov-Grinberg munk\u00e1it l\u00e1thatjuk.<\/p>\r\n\r\n<p><strong>Artmagazin F\u00f3rum &#8211; besz\u00e9lget\u00e9sek<\/strong><br \/>\r\n \u00daj  p\u00e9nzek a m\u0171v\u00e9szeti mecenat\u00far\u00e1ban.\u00a0 Az elm\u00falt \u00e9vekben az NKA-forr\u00e1sok  mellett egyre nagyobb szerepet v\u00e1llalnak mag\u00e1nc\u00e9gek a hazai  k\u00e9pz\u0151m\u0171v\u00e9szeti \u00e9let m\u0171k\u00f6dtet\u00e9s\u00e9ben. A sok\u00e1ig els\u0151 fecsk\u00e9nek sz\u00e1m\u00edt\u00f3  Strabag mellett sz\u00e1mos \u00fajabb c\u00e9g, alap\u00edtv\u00e1ny alak\u00edtotta ki saj\u00e1t  m\u0171v\u00e9szeti mecenat\u00far\u00e1j\u00e1t. Hogyan m\u0171k\u00f6dik? Milyenek a m\u0171p\u00e1rtol\u00f3 c\u00e9gek  tapasztalatai? Hogyan alak\u00edtj\u00e1k ki t\u00e1mogat\u00e1sukat?<\/p>\r\n\r\n<p><strong>Robert Capa \u00e9s szerelme<\/strong><br \/>\r\n Az  Artmagazin olvas\u00f3i m\u00e1r ismerik a Robert Capa k\u00f6r\u00fcli legend\u00e1k  vissz\u00e1ss\u00e1gait, \u00e9s a gy\u00f6ny\u00f6r\u0171, izgalmas Gerda Tar\u00f3t, Capa fot\u00f3s szerelm\u00e9t  is. Kinek a kez\u00e9ben volt a g\u00e9p, amellyel a h\u00e1bor\u00fas fotogr\u00e1fia  cs\u00facsm\u0171v\u00e9nek sz\u00e1m\u00edt\u00f3 <em>A milicista hal\u00e1la<\/em> c\u00edm\u0171 fot\u00f3(sorozat) k\u00e9sz\u00fclt?  Ilyen k\u00e9rd\u00e9sekr\u0151l  vit\u00e1znak a megh\u00edvott vend\u00e9gek.<\/p>\r\n\r\n<p><strong>Alkoss te is! \u2013 Gyerekprogramok<\/strong><br \/>\r\n Kreat\u00edv  gyerekprogram 5-18 \u00e9veseknek A legizgalmasabb \u00e9s legfrissebb kort\u00e1rs  m\u0171vekkel ismerkedhetnek a r\u00e9sztvev\u0151 fiatalok interakt\u00edv, j\u00e1t\u00e9kos  form\u00e1ban, amit minden alkalommal alkot\u00f3munka k\u00f6vet, \u00e9s a kreat\u00edv  foglalkoz\u00e1sokon k\u00e9pz\u0151m\u0171v\u00e9szeti technik\u00e1kat, elj\u00e1r\u00e1sokat is  kipr\u00f3b\u00e1lhatnak. A c\u00e9l, k\u00f6zel ker\u00fclni a ki\u00e1ll\u00edt\u00e1si t\u00e1rgyakhoz, \u00e1t\u00e9lni a  m\u0171v\u00e9szek munkam\u00f3dszer\u00e9t \u00e9s \u00f6tleteit, de els\u0151sorban, hogy a r\u00e9sztvev\u0151k  \u00e9lvezz\u00e9k a j\u00e1t\u00e9kot.<\/p>\r\n\r\n<p><strong>Budapest Art &#8211; Fair B\u00e1tor T\u00e1bor \u2013 j\u00f3t\u00e9konys\u00e1gi csendes aukci\u00f3<\/strong><br \/>\r\n A  tavalyi sikeren felbuzdulva id\u00e9n is folytat\u00f3dik a Budapest Art Fair \u00e9s a  B\u00e1tor T\u00e1bor k\u00f6z\u00f6s akci\u00f3ja, melynek sor\u00e1n a gyerekek &#8211; m\u0171v\u00e9szekkel  p\u00e1rban \u2013 festettek, s k\u00e9peiket ki\u00e1ll\u00edtott\u00e1k, melyekre lehetett  licit\u00e1lni. Az idei program azzal eg\u00e9sz\u00fcl ki, hogy a gyerekek a k\u00f6z\u00f6s  t\u00e1rlatvezet\u00e9s ut\u00e1n kezdik meg munk\u00e1jukat, mely ak\u00e1r eg\u00e9sz \u00e9jszaka is  tarthat, hiszen a fiatalok a m\u00fazeumban alszanak\u2026<\/p>\r\n\r\n<p><strong>T\u00e1rlatvezet\u00e9sek<\/strong><br \/>\r\n Id\u00e9n  \u00faj szolg\u00e1ltat\u00e1sk\u00e9nt, infomedi\u00e1tor lesz l\u00e1togat\u00f3k seg\u00edts\u00e9g\u00e9re, aki  minden nap 14 \u00e9s 20 \u00f3ra k\u00f6z\u00f6tt v\u00e1rja az \u00e9rdekl\u0151d\u0151ket a The Age of  Optimism \u2013 Rodchenko \u00e9s kort\u00e1rsai ki\u00e1ll\u00edt\u00e1son. <br \/>\r\n Szubjekt\u00edv szombati t\u00e1rlatvezet\u00e9s <br \/>\r\n H\u00e1rom  k\u00fcl\u00f6n turnusban, L\u00e9vai Bal\u00e1zs, R\u00e9z Andr\u00e1s \u00e9s Winkler N\u00f3ra tartanak,  v\u00e1llaltan szem\u00e9lyes, szubjekt\u00edv vezet\u00e9seket a szombati hossz\u00fa  nyitvatart\u00e1s egyik programjak\u00e9nt.<\/p>\r\n\r\n<p><strong>Filmek<\/strong><br \/>\r\n Ki volt Rodchenko? A r\u00f3la k\u00e9sz\u00fclt 25 perces portr\u00e9filmet \u2013 <em>Alexander Rodchenko \/ Geniuses and Criminals of the passing Age<\/em> \u2013 p\u00e1rhuzamosan, k\u00e9t k\u00fcl\u00f6n boxban l\u00e1thatj\u00e1k az \u00e9rdekl\u0151d\u0151k a ki\u00e1ll\u00edt\u00e1s term\u00e9ben.<\/p>\r\n\r\n<p>A Szombat esti  film+kokt\u00e9l keret\u00e9ben vet\u00edtik le az <em>Untitled<\/em> c\u00edm\u0171 filmet, mely egy  felkapott new yorki kort\u00e1rs gal\u00e9ria vezet\u0151n\u0151je \u00e9s egy fiatal,  avant-garde zeneszerz\u0151 szerelmi sztorij\u00e1n kereszt\u00fcl mutatja be New York  m\u0171v\u00e9szeti \u00e9let\u00e9t, gal\u00e9ri\u00e1sok, m\u0171v\u00e9szek \u00e9s gy\u0171jt\u0151k viszony\u00e1t. A rendez\u0151,  Jonathan Parker gy\u0171jt is, a San Francisco-i absztrakt expresszionizmust,  \u00edgy belulr\u0151l ismeri a k\u00f6zeget, amir\u0151l szellemesen mes\u00e9l. A vet\u00edt\u00e9s ut\u00e1n  m\u0171v\u00e9szekkel, gal\u00e9ri\u00e1sokkal, gy\u0171jt\u0151kkel, kur\u00e1torokkal kerekasztal-  besz\u00e9lget\u00e9s viszi tov\u00e1bb a film k\u00e9rd\u00e9seit.<\/p>\r\n\r\n<p><strong>Budapest Art Fair+WAMP Special Selection = M\u00fazeumshop<\/strong><br \/>\r\n A  design, amikor beleszeret a m\u0171v\u00e9szetbe. A WAMP tervez\u0151i csupa olyan  \u00f6tlettel \u00e9s munk\u00e1val vesznek r\u00e9szt a v\u00e1s\u00e1ron, melyeket modern vagy  kort\u00e1rs m\u0171 inspir\u00e1lt. Minden, amit egy m\u00fazeumi boltban keresn\u00e9nk \u2013  p\u00f3l\u00f3k, k\u00f6nyvek, mapp\u00e1k, gy\u0171r\u0171k, ruh\u00e1k \u00e9s t\u00e1sk\u00e1k \u2013 magyar designerek keze  al\u00f3l.<\/p>\r\n\r\n<p><strong>Budapest Art Fair &#8211; Magyar fot\u00f3 <\/strong><br \/>\r\n Aukci\u00f3 a kecskem\u00e9ti  Magyar Fotogr\u00e1fiai M\u00fazeum jav\u00e1ra. Az orsz\u00e1g legfontosabb fotogr\u00e1fiai  gy\u0171jtem\u00e9ny\u00e9nek megseg\u00edt\u00e9s\u00e9re a Fot\u00f3m\u0171v\u00e9sz Sz\u00f6vets\u00e9g tagjai aj\u00e1nlott\u00e1k  fel munk\u00e1ikat j\u00f3t\u00e9konys\u00e1gi \u00e1rver\u00e9sre. A zs\u0171ri \u00e1ltal v\u00e1logatott anyag a  v\u00e1s\u00e1ron mutatkozik be, a Budapest Art Fair a ki\u00e1ll\u00edt\u00e1si lehet\u0151s\u00e9ggel  t\u00e1mogatja a kezdem\u00e9nyez\u00e9st.<\/p>\r\n\r\n<p style=\"text-align: center;\"><a href=\"\/wp-content\/uploads\/x\/sze.jpg\"><img loading=\"lazy\" decoding=\"async\" class=\"aligncenter size-medium wp-image-1175\" src=\"\/wp-content\/uploads\/x\/sze-450x300.jpg\" alt=\"\" width=\"450\" height=\"300\" \/><\/a><\/p>\r\n\r\n<p style=\"text-align: center;\">Ki\u00e1ll\u00edt\u00f3k:<\/p>\r\n\r\n<p style=\"text-align: center;\"><a href=\"http:\/\/pipacs.hu\/2b\" target=\"_blank\">2B Gal\u00e9ria<\/a><\/p>\r\n\r\n<p style=\"text-align: center;\"><a href=\"http:\/\/www.acbgaleria.hu\" target=\"_blank\">acb Gal\u00e9ria<\/a><\/p>\r\n\r\n<p style=\"text-align: center;\"><a href=\"http:\/\/www.amadeusalapitvany.hu\" target=\"_blank\">Amadeus M\u0171v\u00e9szeti Alap\u00edtv\u00e1ny<\/a><\/p>\r\n\r\n<p style=\"text-align: center;\"><a href=\"http:\/\/www.bumbum.hu\" target=\"_blank\">Bumbum<\/a><\/p>\r\n\r\n<p style=\"text-align: center;\"><a href=\"http:\/\/www.colors-art.ro\/\" target=\"_blank\">Colors Art Gallery<\/a><\/p>\r\n\r\n<p style=\"text-align: center;\"><a href=\"http:\/\/www.regikezirat.hu\" target=\"_blank\">D\u00e1vidh\u00e1zy Antikv\u00e1rium<\/a><\/p>\r\n\r\n<p style=\"text-align: center;\"><a href=\"http:\/\/www.deakgaleria.hu\" target=\"_blank\">De\u00e1k Erika Gal\u00e9ria<\/a><\/p>\r\n\r\n<p style=\"text-align: center;\"><a href=\"http:\/\/www.dovingaleria.hu\" target=\"_blank\">Dovin Gal\u00e9ria<\/a><\/p>\r\n\r\n<p style=\"text-align: center;\"><a href=\"http:\/\/www.galleryerdesz.hu\" target=\"_blank\">Erd\u00e9sz Gal\u00e9ria<\/a><\/p>\r\n\r\n<p style=\"text-align: center;\"><a href=\"http:\/\/www.foldvaribooks.com\/\" target=\"_blank\">F\u00f6ldv\u00e1ri Antikv\u00e1rium<\/a><\/p>\r\n\r\n<p style=\"text-align: center;\"><a href=\"http:\/\/g13.hu\" target=\"_blank\">G13 Gal\u00e9ria<\/a><\/p>\r\n\r\n<p style=\"text-align: center;\">Galerie Le Minotaure<\/p>\r\n\r\n<p style=\"text-align: center;\"><a href=\"http:\/\/www.gildensarts.com\" target=\"_blank\">Gilden&#8217;s Arts<\/a><\/p>\r\n\r\n<p style=\"text-align: center;\">H.C. <a href=\"http:\/\/www.littleyellow.ro\" target=\"_blank\">LITTLE YELLOW<\/a><\/p>\r\n\r\n<p style=\"text-align: center;\">H.C. <a href=\"http:\/\/www.7planets.ru\" target=\"_blank\">7 PLANETS &#8211; Central House of Artists<\/a><\/p>\r\n\r\n<p style=\"text-align: center;\">H.C. <a href=\"http:\/\/www.galerija-alma.lv\" target=\"_blank\">ALMA<\/a><\/p>\r\n\r\n<p style=\"text-align: center;\">H.C. <a href=\"http:\/\/www.anaidart.ro\" target=\"_blank\">ANAID ART<\/a><\/p>\r\n\r\n<p style=\"text-align: center;\">H.C. <a href=\"http:\/\/www.art-slovar.ru\" target=\"_blank\">ART-SLOVAR<\/a><\/p>\r\n\r\n<p style=\"text-align: center;\">H.C. <a href=\"http:\/\/www.artfira.com\" target=\"_blank\">ARTFIRA<\/a><\/p>\r\n\r\n<p style=\"text-align: center;\">H.C. <a href=\"http:\/\/www.barbarian-art.com\" target=\"_blank\">BARBARIAN<\/a><\/p>\r\n\r\n<p style=\"text-align: center;\">H.C. <a href=\"http:\/\/www.blacksquaregallery.com\" target=\"_blank\">BLACK SQUARE<\/a><\/p>\r\n\r\n<p style=\"text-align: center;\">H.C. <a href=\"http:\/\/www.bulartgallery.blogspot.com\" target=\"_blank\">BULART<\/a><\/p>\r\n\r\n<p style=\"text-align: center;\">H.C. <a href=\"http:\/\/www.duplex10m2.com\" target=\"_blank\">DUPLEX\/10m\u00b2<\/a><\/p>\r\n\r\n<p style=\"text-align: center;\">H.C. <a href=\"http:\/\/www.fotoloft.ru\" target=\"_blank\">FOTOLOFT<\/a><\/p>\r\n\r\n<p style=\"text-align: center;\">H.C. <a href=\"http:\/\/www.galeriabb.com\" target=\"_blank\">GALERIA BB<\/a><\/p>\r\n\r\n<p style=\"text-align: center;\">H.C. <a href=\"http:\/\/www.galerijafotografija.si\" target=\"_blank\">GALERIJA FOTOGRAFIJA<\/a><\/p>\r\n\r\n<p style=\"text-align: center;\">H.C. <a href=\"http:\/\/www.gandy-gallery.com\" target=\"_blank\">GANDY GALLERY<\/a><\/p>\r\n\r\n<p style=\"text-align: center;\">H.C. <a href=\"http:\/\/www.heppentransfer.art.pl\" target=\"_blank\">HEPPEN TRANSFER<\/a><\/p>\r\n\r\n<p style=\"text-align: center;\">H.C. <a href=\"http:\/\/www.ivangallery.com\" target=\"_blank\">IVAN GALLERY<\/a><\/p>\r\n\r\n<p style=\"text-align: center;\">H.C. <a href=\"http:\/\/www.metreveligallery.com\" target=\"_blank\">N Gallery<\/a><\/p>\r\n\r\n<p style=\"text-align: center;\">H.C. <a href=\"http:\/\/www.inlenivka.com\" target=\"_blank\">NA LENIVKE<\/a><\/p>\r\n\r\n<p style=\"text-align: center;\">H.C. <a href=\"http:\/\/www.galeriapies.pl\" target=\"_blank\">PIES<\/a><\/p>\r\n\r\n<p style=\"text-align: center;\">H.C. <a href=\"http:\/\/www.rigasgalerija.com\" target=\"_blank\">PROSPE<\/a><\/p>\r\n\r\n<p style=\"text-align: center;\">H.C. <a href=\"http:\/\/www.rtrgallery.com\" target=\"_blank\">RUSSIANTEAROOM<\/a><\/p>\r\n\r\n<p style=\"text-align: center;\">H.C. <a href=\"http:\/\/www.artnet.com\/russkiymir.html\" target=\"_blank\">RUSSKIY MIR<\/a><\/p>\r\n\r\n<p style=\"text-align: center;\">H.C. <a href=\"http:\/\/www.tifanagallery.com\" target=\"_blank\">TIFANA<\/a><\/p>\r\n\r\n<p style=\"text-align: center;\">H.C. <a href=\"http:\/\/www.vp-studio.ru\" target=\"_blank\">VP-STUDIO<\/a><\/p>\r\n\r\n<p style=\"text-align: center;\"><a href=\"http:\/\/www.indagaleria.hu\" target=\"_blank\">Inda Gal\u00e9ria<\/a><\/p>\r\n\r\n<p style=\"text-align: center;\"><a href=\"http:\/\/janosgatgallery.com\" target=\"_blank\">J\u00e1nos G\u00e1t Gallery<\/a><\/p>\r\n\r\n<p style=\"text-align: center;\"><a href=\"http:\/\/www.kalmanmaklaryfinearts.com\" target=\"_blank\">K\u00e1lm\u00e1n Makl\u00e1ry Fine Arts<\/a><\/p>\r\n\r\n<p style=\"text-align: center;\"><a href=\"http:\/\/www.antik2000studio.hu\" target=\"_blank\">K\u00e1rai Festm\u00e9ny Gal\u00e9ria<\/a><\/p>\r\n\r\n<p style=\"text-align: center;\"><a href=\"http:\/\/www.kieselbach.hu\" target=\"_blank\">Kieselbach Gal\u00e9ria<\/a><\/p>\r\n\r\n<p style=\"text-align: center;\"><a href=\"http:\/\/kisterem.hu\" target=\"_blank\">Kisterem<\/a><\/p>\r\n\r\n<p style=\"text-align: center;\"><a href=\"http:\/\/www.knollgaleria.hu\" target=\"_blank\">Knoll Gal\u00e9ria<\/a><\/p>\r\n\r\n<p style=\"text-align: center;\"><a href=\"http:\/\/www.fotomuzeum.hu\" target=\"_blank\">Magyar Fotogr\u00e1fiai Alap\u00edtv\u00e1ny<\/a><\/p>\r\n\r\n<p style=\"text-align: center;\"><a href=\"http:\/\/www.molnaranigaleria.hu\" target=\"_blank\">Moln\u00e1r Ani Gal\u00e9ria<\/a><\/p>\r\n\r\n<p style=\"text-align: center;\"><a href=\"http:\/\/www.monolith-artspace.com\" target=\"_blank\">MONOLITH ARTSPACE<\/a><\/p>\r\n\r\n<p style=\"text-align: center;\"><a href=\"http:\/\/muveszhazgaleria.hu\" target=\"_blank\">M\u0171v\u00e9szh\u00e1z Gal\u00e9ria<\/a><\/p>\r\n\r\n<p style=\"text-align: center;\"><a href=\"http:\/\/nemesgaleria.hu\/kezdolap\/hu\" target=\"_blank\">Nemes Gal\u00e9ria<\/a><\/p>\r\n\r\n<p style=\"text-align: center;\">P\u00e1risi Gal\u00e9ria<\/p>\r\n\r\n<p style=\"text-align: center;\"><a href=\"http:\/\/www.spiritusz-galeria.hu\" target=\"_blank\">Spiritusz Gal\u00e9ria<\/a><\/p>\r\n\r\n<p style=\"text-align: center;\"><a href=\"http:\/\/www.varfok-galeria.hu\" target=\"_blank\">V\u00e1rfok Gal\u00e9ria<\/a><\/p>\r\n\r\n<p style=\"text-align: center;\"><a href=\"http:\/\/www.posterplakat.com\" target=\"_blank\">V\u00e1rkonyi Gal\u00e9ria<\/a><\/p>\r\n\r\n<p style=\"text-align: center;\"><a href=\"http:\/\/videospace.c3.hu\" target=\"_blank\">Videospace Gal\u00e9ria<\/a><\/p>\r\n\r\n<p style=\"text-align: center;\">Viktor L. Menshikoff Fine Art<\/p>\r\n\r\n<p style=\"text-align: center;\"><a href=\"http:\/\/www.viltin.hu\" target=\"_blank\">VILTIN Gal\u00e9ria<\/a><\/p>\r\n\r\n<p style=\"text-align: center;\"><a href=\"http:\/\/www.vintage.hu\" target=\"_blank\">Vintage Gal\u00e9ria<\/a><\/p>\r\n\r\n<p style=\"text-align: center;\"><a href=\"\/wp-content\/uploads\/x\/0-032.jpg\"><img loading=\"lazy\" decoding=\"async\" class=\"aligncenter size-medium wp-image-1174\" src=\"\/wp-content\/uploads\/x\/0-032-333x500.jpg\" alt=\"\" width=\"333\" height=\"500\" \/><\/a><\/p>","protected":false},"excerpt":{"rendered":"<p>Modern \u00e9s kort\u00e1rs ki\u00e1ll\u00edt\u00e1s \u00e9s v\u00e1s\u00e1r a M\u0171csarnokban Nyitva tart\u00e1s: 2010. november 25-28-ig cs\u00fct\u00f6rt\u00f6k-p\u00e9ntek: 11:00-20:00 szombat: 10:00-22:00 vas\u00e1rnap: 10:00-19:00 Bel\u00e9p\u0151jegy: 2.500,- Nyugd\u00edjasoknak, di\u00e1koknak: 1.500,- Jegy katal\u00f3gussal: 4.000,- Katal\u00f3gus: 3.000,- http:\/\/www.budapestartfair.hu A Budapest Art Fair id\u00e9n modern, illetve kort\u00e1rs k\u00e9pz\u0151m\u0171v\u00e9szeti alkot\u00e1sokat vonultat fel nemzetk\u00f6zi \u00e9s hazai gal\u00e9ri\u00e1k k\u00f6zrem\u0171k\u00f6d\u00e9s\u00e9vel. Heroes Corner Id\u00e9n egy speci\u00e1lis &#8211; a P\u00e1rizsi [&hellip;]<\/p>\n","protected":false},"author":1,"featured_media":821173,"parent":0,"comment_status":"open","ping_status":"open","sticky":false,"template":"","format":"standard","meta":{"_acf_changed":false,"footnotes":""},"categories":[3],"tags":[],"class_list":["post-821164","post","type-post","status-publish","format-standard","has-post-thumbnail","hentry","category-hirek"],"acf":[],"_links":{"self":[{"href":"https:\/\/exindex.hu\/hu\/wp-json\/wp\/v2\/posts\/821164","targetHints":{"allow":["GET"]}}],"collection":[{"href":"https:\/\/exindex.hu\/hu\/wp-json\/wp\/v2\/posts"}],"about":[{"href":"https:\/\/exindex.hu\/hu\/wp-json\/wp\/v2\/types\/post"}],"author":[{"embeddable":true,"href":"https:\/\/exindex.hu\/hu\/wp-json\/wp\/v2\/users\/1"}],"replies":[{"embeddable":true,"href":"https:\/\/exindex.hu\/hu\/wp-json\/wp\/v2\/comments?post=821164"}],"version-history":[{"count":0,"href":"https:\/\/exindex.hu\/hu\/wp-json\/wp\/v2\/posts\/821164\/revisions"}],"wp:featuredmedia":[{"embeddable":true,"href":"https:\/\/exindex.hu\/hu\/wp-json\/wp\/v2\/media\/821173"}],"wp:attachment":[{"href":"https:\/\/exindex.hu\/hu\/wp-json\/wp\/v2\/media?parent=821164"}],"wp:term":[{"taxonomy":"category","embeddable":true,"href":"https:\/\/exindex.hu\/hu\/wp-json\/wp\/v2\/categories?post=821164"},{"taxonomy":"post_tag","embeddable":true,"href":"https:\/\/exindex.hu\/hu\/wp-json\/wp\/v2\/tags?post=821164"}],"curies":[{"name":"wp","href":"https:\/\/api.w.org\/{rel}","templated":true}]}}