{"id":821166,"date":"2010-11-24T17:10:46","date_gmt":"2010-11-24T16:10:46","guid":{"rendered":"https:\/\/exindex.hu\/?p=821166"},"modified":"2010-11-24T17:26:48","modified_gmt":"2010-11-24T16:26:48","slug":"beszelgetes-es-vita-a-kozteri-muveszetrol","status":"publish","type":"post","link":"https:\/\/exindex.hu\/hu\/hirek\/beszelgetes-es-vita-a-kozteri-muveszetrol\/","title":{"rendered":"Besz\u00e9lget\u00e9s \u00e9s vita a k\u00f6zt\u00e9ri m\u0171v\u00e9szetr\u0151l"},"content":{"rendered":"<p>Besz\u00e9lget\u00e9s \u00e9s vita a k\u00f6zt\u00e9ri m\u0171v\u00e9szetr\u0151l a Breuer-p\u00e1ly\u00e1zat \u00fcr\u00fcgy\u00e9n<\/p>\r\n\r\n<p>Vitaind\u00edt\u00f3 besz\u00e9lget\u0151t\u00e1rsak: R\u00e9nyi Andr\u00e1s \u00e9s M\u00e9lyi J\u00f3zsef<br \/>\r\n Id\u0151pont: <strong>2010. november 25. cs\u00fct\u00f6rt\u00f6k, 19:00 \u00f3ra<\/strong><br \/>\r\n Helysz\u00edn: FUGA Budapesti \u00c9p\u00edt\u00e9szeti K\u00f6zpont<\/p>\r\n\r\n<p>2010-ben k\u00f6zt\u00e9ri m\u0171v\u00e9szeti p\u00e1ly\u00e1zatot \u00edrt ki a D\u00e9l-Dun\u00e1nt\u00fali \u00c9p\u00edt\u00e9sz  Kamara Breuer Marcellnek eml\u00e9ket \u00e1ll\u00edt\u00f3 m\u0171 megtervez\u00e9sre. A megh\u00edv\u00e1sos  rendszerben lebonyol\u00edtott p\u00e1ly\u00e1zatot\u00a0Cs\u00e1k\u00e1ny Istv\u00e1n \u201e<a href=\"http:\/\/www.csakanyistvan.hu\/sites\/images\/2010_marcel_breuer\/breuer_palyazat_M.pdf\" target=\"_blank\">Marcel Breuer eml\u00e9kszoba<\/a>\u201d c.  munk\u00e1ja nyerte meg. A gy\u0151ztes p\u00e1lyam\u0171 az \u00faj p\u00e9csi Hangversenyterem  el\u0151tti t\u00e9rr\u00e9szen fog megval\u00f3sulni. A p\u00e1ly\u00e1zat anyag\u00e1b\u00f3l k\u00e9sz\u00fclt  ki\u00e1ll\u00edt\u00e1s szeptemberben P\u00e9csen ker\u00fclt bemutat\u00e1sra, amely jelenleg a FUGA  Budapesti \u00c9p\u00edt\u00e9szeti K\u00f6zpontban l\u00e1that\u00f3.<\/p>\r\n\r\n<p>A besz\u00e9lget\u00e9s t\u00e9m\u00e1i:<br \/>\r\n &#8211; lehet-e m\u00e9g eml\u00e9km\u0171vet \u00e1ll\u00edtani?<br \/>\r\n &#8211; eml\u00e9km\u0171 vagy ellen-eml\u00e9km\u0171?<br \/>\r\n &#8211; \u00f6nmag\u00e1\u00e9rt besz\u00e9l-e a k\u00f6zt\u00e9ri m\u0171?<br \/>\r\n &#8211; \u00e9p\u00fclet \u00e9s szobor &#8211; &#8222;mint gorill\u00e1n a r\u00fazs&#8221;?<br \/>\r\n &#8211; lehet-e demokratikus a megh\u00edv\u00e1sos p\u00e1ly\u00e1zat?<br \/>\r\n &#8211; mir\u0151l sz\u00f3l Cs\u00e1k\u00e1ny Istv\u00e1n Breuer-eml\u00e9kszob\u00e1ja?<\/p>\r\n\r\n<p>A \u201e<a href=\"http:\/\/www.ek2010.hu\/index.php?id=792\" target=\"_blank\">Breuer P\u00e9csett oda-vissza<\/a>\u201d c. m\u0171v\u00e9szeti p\u00e1ly\u00e1zat a D\u00e9l-Dun\u00e1nt\u00fali \u00c9p\u00edt\u00e9sz Kamara \u00e1ltal szervezett &#8222;<a href=\"http:\/\/www.ek2010.hu\/\" target=\"_blank\">\u00c9p\u00edt\u00e9szet \u00e9s Kontextus<\/a>&#8221; programsorozat keret\u00e9ben j\u00f6tt l\u00e9tre.<\/p>","protected":false},"excerpt":{"rendered":"<p>Besz\u00e9lget\u00e9s \u00e9s vita a k\u00f6zt\u00e9ri m\u0171v\u00e9szetr\u0151l a Breuer-p\u00e1ly\u00e1zat \u00fcr\u00fcgy\u00e9n Vitaind\u00edt\u00f3 besz\u00e9lget\u0151t\u00e1rsak: R\u00e9nyi Andr\u00e1s \u00e9s M\u00e9lyi J\u00f3zsef Id\u0151pont: 2010. november 25. cs\u00fct\u00f6rt\u00f6k, 19:00 \u00f3ra Helysz\u00edn: FUGA Budapesti \u00c9p\u00edt\u00e9szeti K\u00f6zpont 2010-ben k\u00f6zt\u00e9ri m\u0171v\u00e9szeti p\u00e1ly\u00e1zatot \u00edrt ki a D\u00e9l-Dun\u00e1nt\u00fali \u00c9p\u00edt\u00e9sz Kamara Breuer Marcellnek eml\u00e9ket \u00e1ll\u00edt\u00f3 m\u0171 megtervez\u00e9sre. A megh\u00edv\u00e1sos rendszerben lebonyol\u00edtott p\u00e1ly\u00e1zatot\u00a0Cs\u00e1k\u00e1ny Istv\u00e1n \u201eMarcel Breuer eml\u00e9kszoba\u201d c. munk\u00e1ja [&hellip;]<\/p>\n","protected":false},"author":1,"featured_media":0,"parent":0,"comment_status":"open","ping_status":"open","sticky":false,"template":"","format":"standard","meta":{"_acf_changed":false,"footnotes":""},"categories":[3],"tags":[],"class_list":["post-821166","post","type-post","status-publish","format-standard","hentry","category-hirek"],"acf":[],"_links":{"self":[{"href":"https:\/\/exindex.hu\/hu\/wp-json\/wp\/v2\/posts\/821166","targetHints":{"allow":["GET"]}}],"collection":[{"href":"https:\/\/exindex.hu\/hu\/wp-json\/wp\/v2\/posts"}],"about":[{"href":"https:\/\/exindex.hu\/hu\/wp-json\/wp\/v2\/types\/post"}],"author":[{"embeddable":true,"href":"https:\/\/exindex.hu\/hu\/wp-json\/wp\/v2\/users\/1"}],"replies":[{"embeddable":true,"href":"https:\/\/exindex.hu\/hu\/wp-json\/wp\/v2\/comments?post=821166"}],"version-history":[{"count":0,"href":"https:\/\/exindex.hu\/hu\/wp-json\/wp\/v2\/posts\/821166\/revisions"}],"wp:attachment":[{"href":"https:\/\/exindex.hu\/hu\/wp-json\/wp\/v2\/media?parent=821166"}],"wp:term":[{"taxonomy":"category","embeddable":true,"href":"https:\/\/exindex.hu\/hu\/wp-json\/wp\/v2\/categories?post=821166"},{"taxonomy":"post_tag","embeddable":true,"href":"https:\/\/exindex.hu\/hu\/wp-json\/wp\/v2\/tags?post=821166"}],"curies":[{"name":"wp","href":"https:\/\/api.w.org\/{rel}","templated":true}]}}