{"id":821169,"date":"2010-11-25T15:30:56","date_gmt":"2010-11-25T14:30:56","guid":{"rendered":"https:\/\/exindex.hu\/?p=821169"},"modified":"2010-12-07T00:16:23","modified_gmt":"2010-12-06T23:16:23","slug":"palyazat-a-mucsarnok-nkft-ugyvezeto-igazgatoi-munkakor-betoltesere","status":"publish","type":"post","link":"https:\/\/exindex.hu\/hu\/hirek\/palyazat-a-mucsarnok-nkft-ugyvezeto-igazgatoi-munkakor-betoltesere\/","title":{"rendered":"P\u00e1ly\u00e1zat a M\u0171csarnok Nkft. \u00fcv. igazgat\u00f3i munkak\u00f6rre"},"content":{"rendered":"<p>A M\u0171csarnok Kiemelten K\u00f6zhaszn\u00fa Nonprofit Kft. alapfeladata a magyar \u00e9s a nemzetk\u00f6zi  kort\u00e1rs k\u00e9pz\u0151m\u0171v\u00e9szet \u2013 valamint iparm\u0171v\u00e9szet, fot\u00f3m\u0171v\u00e9szet, \u00e9p\u00edt\u00e9szet \u00e9s intermedia  \u2013 \u00e9rt\u00e9keinek bemutat\u00e1sa, ki\u00e1ll\u00edt\u00e1sok \u00e9s m\u0171v\u00e9szeti esem\u00e9nyek hazai \u00e9s k\u00fclf\u00f6ldi  rendez\u00e9se, szakmai kiadv\u00e1nyok megjelentet\u00e9se, a vizu\u00e1lis kult\u00fara terjeszt\u00e9se.  A nemzetk\u00f6zi kort\u00e1rs m\u0171v\u00e9szet magyarorsz\u00e1gi \u00e9s a magyar kort\u00e1rs m\u0171v\u00e9szet k\u00fclf\u00f6ldi  bemutat\u00e1sa \u00e9rdek\u00e9ben a M\u0171csarnok Nonprofit Kft. feladata szakmai kapcsolatok ki\u00e9p\u00edt\u00e9se  \u00e9s fenntart\u00e1sa, egy\u00fcttm\u0171k\u00f6d\u00e9si lehet\u0151s\u00e9gek megteremt\u00e9se, a magyar m\u0171v\u00e9szek nemzetk\u00f6zi  megjelen\u00e9s\u00e9nek \u00e9s integr\u00e1l\u00f3d\u00e1s\u00e1nak el\u0151seg\u00edt\u00e9se \u00e9s t\u00e1mogat\u00e1sa nemzetk\u00f6zi rendezv\u00e9nyeken.<\/p>\r\n\r\n<p>A T\u00e1rsas\u00e1g a k\u00f6zhaszn\u00fa szervezetekr\u0151l sz\u00f3l\u00f3 1997. \u00e9vi CLVI. Tv. 26. \u00a7 c) 5. pontja  szerinti kultur\u00e1lis tev\u00e9kenys\u00e9get, mint k\u00f6zhaszn\u00fa tev\u00e9kenys\u00e9get v\u00e9gzi.<\/p>\r\n\r\n<p>A T\u00e1rsas\u00e1g c\u00e9lszerinti kiemelked\u0151 k\u00f6zhaszn\u00fa, k\u00f6zszolg\u00e1ltat\u00f3 tev\u00e9kenys\u00e9gei (TE\u00c1OR  szerint):<\/p>\r\n\r\n<p>&#8211; 58.11\u201908\u00a0\u00a0\u00a0 K\u00f6nyvkiad\u00e1s,<\/p>\r\n\r\n<p>&#8211; 59.11\u201908\u00a0\u00a0\u00a0 Film- vide\u00f3- telev\u00edzi\u00f3m\u0171sor-gy\u00e1rt\u00e1s,<\/p>\r\n\r\n<p>&#8211; 59.11\u201908\u00a0\u00a0\u00a0 Film- vide\u00f3gy\u00e1rt\u00e1s, telev\u00edzi\u00f3s m\u0171sorfelv\u00e9tel ut\u00f3munk\u00e1latai<\/p>\r\n\r\n<p>&#8211; 72.20\u201908\u00a0\u00a0\u00a0 T\u00e1rsadalomtudom\u00e1nyi hum\u00e1n kutat\u00e1s, fejleszt\u00e9s,<\/p>\r\n\r\n<p>&#8211; 85.52\u201908\u00a0\u00a0\u00a0 Kultur\u00e1lis k\u00e9pz\u00e9s,<\/p>\r\n\r\n<p>&#8211; 90.03\u201908\u00a0\u00a0\u00a0 Alkot\u00f3m\u0171v\u00e9szet,<\/p>\r\n\r\n<p>&#8211; 90.04\u201908\u00a0\u00a0\u00a0 <strong>M\u0171v\u00e9szeti l\u00e9tes\u00edtm\u00e9nyek m\u0171k\u00f6dtet\u00e9se<\/strong> (f\u0151 tev\u00e9kenys\u00e9g).<\/p>\r\n\r\n<p><br class=\"spacer_\" \/><\/p>\r\n\r\n<p>A T\u00e1rsas\u00e1g \u00e1ltal\u00e1nos k\u00f6zhaszn\u00fa, k\u00f6zszolg\u00e1ltat\u00f3 tev\u00e9kenys\u00e9ge:<\/p>\r\n\r\n<p>&#8211; 91.01\u201908\u00a0\u00a0\u00a0 K\u00f6nyvt\u00e1ri, lev\u00e9lt\u00e1ri tev\u00e9kenys\u00e9g.<\/p>\r\n\r\n<p><br class=\"spacer_\" \/><\/p>\r\n\r\n<p>A T\u00e1rsas\u00e1g v\u00e1llalkoz\u00e1si tev\u00e9kenys\u00e9get a k\u00f6zhaszn\u00fa c\u00e9ljainak megval\u00f3s\u00edt\u00e1sa \u00e9rdek\u00e9ben,  azokat nem vesz\u00e9lyeztetve v\u00e9gez az al\u00e1bbiak szerint:<\/p>\r\n\r\n<p>&#8211; 18.12\u201908\u00a0\u00a0\u00a0 Nyom\u00e1s (kiv\u00e9ve napilap),<\/p>\r\n\r\n<p>&#8211; 18.13\u201908\u00a0\u00a0\u00a0 Nyomdai el\u0151k\u00e9sz\u00edt\u0151 tev\u00e9kenys\u00e9g,<\/p>\r\n\r\n<p>&#8211; 18.14\u201908\u00a0\u00a0\u00a0 K\u00f6nyvk\u00f6t\u00e9s, kapcsol\u00f3d\u00f3 nyomdai szolg\u00e1ltat\u00e1s,<\/p>\r\n\r\n<p>&#8211; 47.61\u201908\u00a0\u00a0\u00a0 k\u00f6nyv kiskereskedelem,<\/p>\r\n\r\n<p>&#8211; 47.62\u201908\u00a0\u00a0\u00a0 \u00dajs\u00e1g-, pap\u00edr\u00e1r\u00fa kiskereskedelem,<\/p>\r\n\r\n<p>&#8211; 47.78\u201908\u00a0\u00a0\u00a0 Egy\u00e9b, m\u00e1shova nem sorolt \u00faj \u00e1ru kiskereskedelme,<\/p>\r\n\r\n<p>&#8211; 47.79.08\u00a0\u00a0\u00a0\u00a0 Haszn\u00e1ltcikk bolti kiskereskedelme,<\/p>\r\n\r\n<p>&#8211; 49.41\u201908\u00a0\u00a0\u00a0 K\u00f6z\u00fati \u00e1rusz\u00e1ll\u00edt\u00e1s,<\/p>\r\n\r\n<p>&#8211; 52.29\u201908\u00a0\u00a0\u00a0 Egy\u00e9b sz\u00e1ll\u00edt\u00e1st kieg\u00e9sz\u00edt\u0151 szolg\u00e1ltat\u00e1s,<\/p>\r\n\r\n<p>&#8211; 52.10\u201908\u00a0\u00a0\u00a0 Rakt\u00e1roz\u00e1s, t\u00e1rol\u00e1s,<\/p>\r\n\r\n<p>&#8211; 56.10\u201908\u00a0\u00a0\u00a0 \u00c9ttermi, mozg\u00f3 vend\u00e9gl\u00e1t\u00e1s,<\/p>\r\n\r\n<p>&#8211; 56.29\u201908\u00a0\u00a0\u00a0 Egy\u00e9b vend\u00e9gl\u00e1t\u00e1s,<\/p>\r\n\r\n<p>&#8211; 58.19\u201908\u00a0\u00a0\u00a0 Egy\u00e9b kiad\u00f3i tev\u00e9kenys\u00e9g,<\/p>\r\n\r\n<p>&#8211; 59.20\u201908\u00a0\u00a0\u00a0 Hangfelv\u00e9tel k\u00e9sz\u00edt\u00e9se, kiad\u00e1sa,<\/p>\r\n\r\n<p>&#8211; 68.20\u201908\u00a0\u00a0\u00a0 Saj\u00e1t tulajdon\u00fa, b\u00e9relt ingatlan b\u00e9rbead\u00e1sa, \u00fczemeltet\u00e9se,<\/p>\r\n\r\n<p>&#8211; 73.11\u201908\u00a0\u00a0\u00a0 Rekl\u00e1m\u00fcgyn\u00f6ki tev\u00e9kenys\u00e9g,<\/p>\r\n\r\n<p>&#8211; 73.12\u201908\u00a0\u00a0\u00a0 M\u00e9diarekl\u00e1m,<\/p>\r\n\r\n<p>&#8211; 82.30\u201908\u00a0\u00a0\u00a0 Konferencia, kereskedelmi bemutat\u00f3 szervez\u00e9se,<\/p>\r\n\r\n<p>&#8211; 82.99\u201908\u00a0\u00a0\u00a0 M\u00e1shov\u00e1 nem sorolt egy\u00e9b \u00fczleti szolg\u00e1ltat\u00e1s.<\/p>\r\n\r\n<p><br class=\"spacer_\" \/><\/p>\r\n\r\n<p>A T\u00e1rsas\u00e1g sz\u00e9khelye:\u00a0\u00a0\u00a0\u00a0\u00a0\u00a0\u00a0\u00a0 1146 Budapest, D\u00f3zsa Gy\u00f6rgy \u00fat 37.<\/p>\r\n\r\n<p>A T\u00e1rsas\u00e1g telephelyei:\u00a0\u00a0\u00a0\u00a0\u00a0\u00a0 Ernst M\u00fazeum (1065 Budapest, Nagymez\u0151 utca 8.)<\/p>\r\n\r\n<p>Dorottya Gal\u00e9ria (1051 Budapest, Dorottya  utca 8.)<\/p>\r\n\r\n<p>Tulajdonosi szerkezet:\u00a0\u00a0\u00a0\u00a0\u00a0\u00a0\u00a0\u00a0 MNV Zrt. 100%<\/p>\r\n\r\n<p><br class=\"spacer_\" \/><\/p>\r\n\r\n<p>A T\u00e1rsas\u00e1g fontosabb adatai a 2009. december 31-i besz\u00e1mol\u00f3 alapj\u00e1n:<\/p>\r\n\r\n<p>Saj\u00e1t t\u0151ke:\u00a0\u00a0\u00a0\u00a0\u00a0\u00a0\u00a0\u00a0\u00a0\u00a0\u00a0\u00a0\u00a0\u00a0\u00a0\u00a0\u00a0\u00a0\u00a0\u00a0\u00a0\u00a0\u00a0\u00a0\u00a0\u00a0\u00a0\u00a0\u00a0\u00a0\u00a0 \u00a0 54.501 eFt<\/p>\r\n\r\n<p>Jegyzett t\u0151ke:\u00a0\u00a0\u00a0\u00a0\u00a0\u00a0\u00a0\u00a0\u00a0\u00a0\u00a0\u00a0\u00a0\u00a0\u00a0\u00a0\u00a0\u00a0\u00a0\u00a0\u00a0\u00a0\u00a0\u00a0\u00a0\u00a0\u00a0 \u00a0\u00a0\u00a0 3.000 eFt<\/p>\r\n\r\n<p>M\u00e9rleg szerinti eredm\u00e9ny:\u00a0\u00a0\u00a0\u00a0\u00a0\u00a0\u00a0\u00a0\u00a0 \u00a0\u00a0\u00a0\u00a0\u00a0\u00a0 559 eFt<\/p>\r\n\r\n<p>\u00c9rt\u00e9kes\u00edt\u00e9s nett\u00f3 \u00e1rbev\u00e9tele:\u00a0\u00a0\u00a0\u00a0\u00a0 \u00a0 57.503 eFt<\/p>\r\n\r\n<p>Egy\u00e9b bev\u00e9telek:\u00a0\u00a0\u00a0\u00a0\u00a0\u00a0\u00a0\u00a0\u00a0\u00a0\u00a0\u00a0\u00a0\u00a0\u00a0\u00a0\u00a0\u00a0\u00a0\u00a0\u00a0 457.885 eFt<\/p>\r\n\r\n<p>\u00c1tlagos statisztikai l\u00e9tsz\u00e1m:\u00a0\u00a0\u00a0\u00a0\u00a0\u00a0\u00a0 58 f\u0151<\/p>\r\n\r\n<p><br class=\"spacer_\" \/><\/p>\r\n\r\n<p><strong><em>Az \u00fcgyvezet\u0151 igazgat\u00f3 f\u0151 feladatai:<\/em><\/strong><\/p>\r\n\r\n<p>Az \u00fcgyvezet\u0151 igazgat\u00f3 feladata a t\u00e1rsas\u00e1g \u00fcgyeinek vitele, ir\u00e1ny\u00edtja \u00e9s ellen\u0151rzi  a t\u00e1rsas\u00e1g napi munk\u00e1j\u00e1t, a jogszab\u00e1lyok \u00e9s az Alap\u00edt\u00f3 Okirat keretei k\u00f6z\u00f6tt,  illetve az Alap\u00edt\u00f3 d\u00f6nt\u00e9seinek megfelel\u0151en. Jogosult d\u00f6nteni minden olyan k\u00e9rd\u00e9sben,  ami nem tartozik az Alap\u00edt\u00f3 kiz\u00e1r\u00f3lagos hat\u00e1sk\u00f6r\u00e9be. Kialak\u00edtja a T\u00e1rsas\u00e1g munkaszervezet\u00e9t.  Gondoskodik a t\u00e1rsas\u00e1g \u00fczleti k\u00f6nyveinek \u00e9s egy\u00e9b nyilv\u00e1ntart\u00e1sainak szab\u00e1lyszer\u0171  vezet\u00e9s\u00e9r\u0151l, nyilv\u00e1ntartja az Alap\u00edt\u00f3 hat\u00e1rozatait. Az \u00fcgyvezet\u0151 igazgat\u00f3 a t\u00e1rsas\u00e1g  munkaviszonyban \u00e1ll\u00f3 alkalmazottja, a t\u00e1rsas\u00e1g els\u0151 sz\u00e1m\u00fa vezet\u0151 \u00e1ll\u00e1s\u00fa munkav\u00e1llal\u00f3ja.  Az \u00fcgyvezet\u0151 igazgat\u00f3 gyakorolja az Alap\u00edt\u00f3 hat\u00e1sk\u00f6r\u00e9be nem tartoz\u00f3 munk\u00e1ltat\u00f3i  jogokat a t\u00e1rsas\u00e1g alkalmazottai felett.<\/p>\r\n\r\n<p>Gondoskodik a T\u00e1rsas\u00e1g vagyon\u00e1nak hat\u00e9kony m\u0171k\u00f6dtet\u00e9s\u00e9r\u0151l. Az \u00fcgyvezet\u0151 igazgat\u00f3  \u00e1ltal\u00e1nos \u00e9s szakmai, valamint gazdas\u00e1gi programot mag\u00e1ban foglal\u00f3 \u00fczleti \u00e9s szakmai  tervet k\u00e9sz\u00edt a k\u00f6vetkez\u0151 \u00fczleti \u00e9vre; p\u00e9nz\u00fcgyi besz\u00e1mol\u00f3t k\u00e9sz\u00edt a t\u00e1rsas\u00e1g vagyoni  helyzet\u00e9r\u0151l, a kapott m\u0171k\u00f6d\u00e9si t\u00e1mogat\u00e1s felhaszn\u00e1l\u00e1s\u00e1r\u00f3l, a t\u00e1rsas\u00e1g \u00fczleti \u00e9s  szakmai eredm\u00e9nyeinek alakul\u00e1s\u00e1r\u00f3l; k\u00f6zhaszn\u00fas\u00e1gi jelent\u00e9st k\u00e9sz\u00edt.<em> <\/em><\/p>\r\n\r\n<p>Az \u00fcgyvezet\u0151 igazgat\u00f3 k\u00e9pviseli a t\u00e1rsas\u00e1got a b\u00edr\u00f3s\u00e1gok, a hat\u00f3s\u00e1gok el\u0151tt \u00e9s  harmadik szem\u00e9lyekkel szemben. C\u00e9gszer\u0171 al\u00e1\u00edr\u00e1sra jogosult.<\/p>\r\n\r\n<p>Az Alap\u00edt\u00f3t a t\u00e1rsas\u00e1g m\u0171k\u00f6d\u00e9s\u00e9r\u0151l \u2013 ig\u00e9ny szerint \u2013 folyamatosan t\u00e1j\u00e9koztatja,  az Alap\u00edt\u00f3 hat\u00e1sk\u00f6r\u00e9be tartoz\u00f3 k\u00e9rd\u00e9sekben hat\u00e1rozat hozatal\u00e1t kezdem\u00e9nyezi, a  meghozott hat\u00e1rozatokat v\u00e9grehajtja.<\/p>\r\n\r\n<p><br class=\"spacer_\" \/><\/p>\r\n\r\n<p>A \u00fcgyvezet\u0151 igazgat\u00f3i munkak\u00f6r bet\u00f6lt\u00e9s\u00e9nek kezdete 2011. janu\u00e1r 1.<\/p>\r\n\r\n<p><br class=\"spacer_\" \/><\/p>\r\n\r\n<p><strong><em>P\u00e1ly\u00e1zati felt\u00e9telek:<\/em><\/strong><\/p>\r\n\r\n<p>&#8211;\u00a0eur\u00f3pai uni\u00f3s tagorsz\u00e1gi \u00e1llampolg\u00e1rs\u00e1g,<\/p>\r\n\r\n<p>&#8211;\u00a0cselekv\u0151k\u00e9pess\u00e9g,<\/p>\r\n\r\n<p>&#8211;\u00a0b\u00fcntetlen el\u0151\u00e9let,<\/p>\r\n\r\n<p>&#8211; magyar nyelv teljes k\u00f6r\u0171 ismerete, angol nyelv t\u00e1rgyal\u00e1si szint\u0171 ismerete,<\/p>\r\n\r\n<p>&#8211; fels\u0151fok\u00fa iskolai v\u00e9gzetts\u00e9g (f\u0151iskolai \u00e9s\/vagy egyetemi diploma),<\/p>\r\n\r\n<p>&#8211;\u00a0legal\u00e1bb 5 \u00e9ves szakmai tapasztalat<\/p>\r\n\r\n<p>&#8211; legal\u00e1bb 3 \u00e9ves vezet\u0151i gyakorlat,<\/p>\r\n\r\n<p>A bet\u00f6ltend\u0151 munkak\u00f6r fontos \u00e9s bizalmas munkak\u00f6rnek min\u0151s\u00fcl, melynek bet\u00f6lt\u00e9s\u00e9hez  sz\u00fcks\u00e9ges a nemzetbiztons\u00e1gi ellen\u0151rz\u00e9s lefolytat\u00e1sa \u00e9s vagyonnyilatkozat-t\u00e9teli  k\u00f6telezetts\u00e9g teljes\u00edt\u00e9se.<\/p>\r\n\r\n<p><br class=\"spacer_\" \/><\/p>\r\n\r\n<p><strong>A p\u00e1ly\u00e1zathoz csatolni kell:<\/strong><\/p>\r\n\r\n<p>&#8211;\u00a0a p\u00e1ly\u00e1z\u00f3 szakmai \u00e9let\u00fatj\u00e1t r\u00e9szletesen bemutat\u00f3 f\u00e9nyk\u00e9pes \u00f6n\u00e9letrajzot,<\/p>\r\n\r\n<p>&#8211;\u00a0h\u00e1rom h\u00f3napn\u00e1l nem r\u00e9gebbi hat\u00f3s\u00e1gi erk\u00f6lcsi bizony\u00edtv\u00e1nyt (vagy a bizony\u00edtv\u00e1ny  megk\u00e9r\u00e9s\u00e9t igazol\u00f3 felad\u00f3vev\u00e9nyt),<\/p>\r\n\r\n<p>&#8211; iskolai v\u00e9gzetts\u00e9get \u00e9s egy\u00e9b szakk\u00e9pzetts\u00e9get, nyelvismeretet, k\u00e9pes\u00edt\u00e9st  tan\u00fas\u00edt\u00f3 okiratok k\u00f6zjegyz\u0151 \u00e1ltal hiteles\u00edtett m\u00e1solat\u00e1t,<\/p>\r\n\r\n<p>&#8211;\u00a0a megp\u00e1ly\u00e1zott munkak\u00f6rrel kapcsolatos \u2013 maximum 5 g\u00e9pelt oldalnyi terjedelemben  elk\u00e9sz\u00edtett \u2013 szakmai (vezet\u0151i) elk\u00e9pzel\u00e9s\u00e9t, kit\u00e9rve benne k\u00fcl\u00f6n-k\u00fcl\u00f6n a Kft.  k\u00f6zhaszn\u00fa \u00e9s v\u00e1llalkoz\u00e1si tev\u00e9kenys\u00e9g\u00e9vel kapcsolatos elk\u00e9pzel\u00e9sekre,<\/p>\r\n\r\n<p>&#8211;\u00a0nyilatkozatot arr\u00f3l, hogy a p\u00e1ly\u00e1zati anyagot az elj\u00e1r\u00e1sban r\u00e9sztvev\u0151k  megismerhetik,<\/p>\r\n\r\n<p>&#8211;\u00a0nyilatkozatot arr\u00f3l, hogy a p\u00e1ly\u00e1z\u00f3 al\u00e1veti mag\u00e1t a munkak\u00f6r bet\u00f6lt\u00e9s\u00e9hez  sz\u00fcks\u00e9ges nemzetbiztons\u00e1gi ellen\u0151rz\u00e9s lefolytat\u00e1s\u00e1nak, \u00e9s eleget tesz vagyonnyilatkozat-t\u00e9teli  k\u00f6telezetts\u00e9g\u00e9nek,<\/p>\r\n\r\n<p>&#8211;\u00a0 nyilatkozatot arr\u00f3l, hogy a p\u00e1ly\u00e1z\u00f3 hozz\u00e1j\u00e1rul \/ nem j\u00e1rul hozz\u00e1 ahhoz,  hogy az MNV Zrt. a p\u00e1ly\u00e1zat elb\u00edr\u00e1l\u00e1s\u00e1t k\u00f6vet\u0151en 12 h\u00f3napig meg\u0151rizze a p\u00e1ly\u00e1zati  anyag\u00e1t az MNV Zrt. Ellen\u0151rz\u0151 Bizotts\u00e1ga esetleges ut\u00f3lagos ellen\u0151rz\u00e9se c\u00e9lj\u00e1b\u00f3l.<\/p>\r\n\r\n<p><br class=\"spacer_\" \/><\/p>\r\n\r\n<p><strong>El\u0151nyt jelent:<\/strong><\/p>\r\n\r\n<p>&#8211; b\u00f6lcs\u00e9szettudom\u00e1nyi fels\u0151fok\u00fa v\u00e9gzetts\u00e9g (m\u0171v\u00e9szett\u00f6rt\u00e9n\u00e9sz diploma),<\/p>\r\n\r\n<p>&#8211; kort\u00e1rs k\u00e9pz\u0151m\u0171v\u00e9szeti ki\u00e1ll\u00edt\u00e1si int\u00e9zm\u00e9nyben szerzett szakmai gyakorlat,<\/p>\r\n\r\n<p>&#8211; a nonprofit szf\u00e9r\u00e1ban szerzett menedzseri tapasztalat,<\/p>\r\n\r\n<p>&#8211;\u00a0tov\u00e1bbi idegen nyelv ismerete.<\/p>\r\n\r\n<p><br class=\"spacer_\" \/><\/p>\r\n\r\n<p>A p\u00e1ly\u00e1zatot 2010. december 7. napj\u00e1n 11. \u00e9s 12. \u00f3ra k\u00f6z\u00f6tt egy erre kijel\u00f6lt  bizotts\u00e1g jelenl\u00e9t\u00e9ben a Magyar Nemzeti Vagyonkezel\u0151 Zrt. (sz\u00e9khely: 1133 Budapest,  Pozsonyi \u00fat 56.) T\u00e1rsas\u00e1gok\u00e9rt Felel\u0151s Igazgat\u00f3s\u00e1g\u00e1n (I.) szem\u00e9lyesen kell 1 (egy)  p\u00e9ld\u00e1nyban lez\u00e1rt bor\u00edt\u00e9kban beny\u00fajtani, a bor\u00edt\u00e9kon fel kell t\u00fcntetni a p\u00e1ly\u00e1z\u00f3  nev\u00e9t \u00e9s a megp\u00e1ly\u00e1zott poz\u00edci\u00f3t.<\/p>\r\n\r\n<p>A p\u00e1ly\u00e1zatok beny\u00fajt\u00e1s\u00e1t k\u00f6vet\u0151en a bor\u00edt\u00e9kok bont\u00e1s\u00e1ra egy erre kijel\u00f6lt bizotts\u00e1g  jelenl\u00e9t\u00e9ben ker\u00fcl sor, aki annak tartalm\u00e1t jegyz\u0151k\u00f6nyvben r\u00f6gz\u00edti.<\/p>\r\n\r\n<p><br class=\"spacer_\" \/><\/p>\r\n\r\n<p>A p\u00e1ly\u00e1zattal kapcsolatban \u00e9rdekl\u0151dni lehet:<\/p>\r\n\r\n<p>Budai \u00c1kos portfoli\u00f3 vezet\u0151 menedzsern\u00e9l a T\u00e1rsas\u00e1gok\u00e9rt Felel\u0151s I. Igazgat\u00f3s\u00e1gon;  237-4201 telefonsz\u00e1mon, munkanapokon h\u00e9tf\u0151t\u0151l-cs\u00fct\u00f6rt\u00f6kig 9-15 \u00f3r\u00e1ig, p\u00e9nteken  9-12 \u00f3r\u00e1ig (fax: 237-4145);<\/p>\r\n\r\n<p>e-mail: budaiakos@mnvzrt.hu<\/p>\r\n\r\n<p><br class=\"spacer_\" \/><\/p>\r\n\r\n<p>A p\u00e1ly\u00e1zat elb\u00edr\u00e1l\u00e1s\u00e1nak rendje:<\/p>\r\n\r\n<p>A bizalmasan kezelt p\u00e1ly\u00e1zatok a beny\u00fajt\u00e1si hat\u00e1rid\u0151t k\u00f6vet\u0151 30 napon bel\u00fcl ker\u00fclnek  elb\u00edr\u00e1l\u00e1sra, a p\u00e1ly\u00e1z\u00f3k \u00edr\u00e1sbeli \u00e9rtes\u00edt\u00e9s\u00e9re a p\u00e1ly\u00e1zat elb\u00edr\u00e1l\u00e1s\u00e1r\u00f3l sz\u00f3l\u00f3 d\u00f6nt\u00e9s  meghozatal\u00e1t k\u00f6vet\u0151 15 napon bel\u00fcl ker\u00fcl sor.<\/p>\r\n\r\n<p>Amennyiben a p\u00e1ly\u00e1z\u00f3 a beny\u00fajtott p\u00e1ly\u00e1zat\u00e1hoz a hat\u00f3s\u00e1gi erk\u00f6lcsi bizony\u00edtv\u00e1ny  megk\u00e9r\u00e9s\u00e9t igazol\u00f3 felad\u00f3vev\u00e9nyt csatolta, \u00fagy az erk\u00f6lcsi bizony\u00edtv\u00e1ny beny\u00fajt\u00e1s\u00e1ra  a p\u00e1ly\u00e1zat bead\u00e1si hat\u00e1rid\u0151 lej\u00e1rt\u00e1t k\u00f6vet\u0151 15. nap 16.00 \u00f3r\u00e1ig van lehet\u0151s\u00e9ge.<\/p>\r\n\r\n<p>Az illet\u00e9kes d\u00f6nt\u00e9shoz\u00f3 szerv a p\u00e1ly\u00e1zat nyertes\u00e9v\u00e9 csak a hat\u00e1rid\u0151ben beny\u00fajtott,  3 h\u00f3napn\u00e1l nem r\u00e9gebbi erk\u00f6lcsi bizony\u00edtv\u00e1nnyal rendelkez\u0151 szem\u00e9lyt jel\u00f6lhet.<\/p>\r\n\r\n<p>(forr\u00e1s: <a href=\"http:\/\/www.mnvzrt.hu\/allasajanlatok\/mucsarnok_ugyvezeto_20101118.html\" target=\"_blank\">Magyar Nemzeti Vagyonkezel\u0151 Zrt.<\/a>)<\/p>","protected":false},"excerpt":{"rendered":"<p>A M\u0171csarnok Kiemelten K\u00f6zhaszn\u00fa Nonprofit Kft. alapfeladata a magyar \u00e9s a nemzetk\u00f6zi kort\u00e1rs k\u00e9pz\u0151m\u0171v\u00e9szet \u2013 valamint iparm\u0171v\u00e9szet, fot\u00f3m\u0171v\u00e9szet, \u00e9p\u00edt\u00e9szet \u00e9s intermedia \u2013 \u00e9rt\u00e9keinek bemutat\u00e1sa, ki\u00e1ll\u00edt\u00e1sok \u00e9s m\u0171v\u00e9szeti esem\u00e9nyek hazai \u00e9s k\u00fclf\u00f6ldi rendez\u00e9se, szakmai kiadv\u00e1nyok megjelentet\u00e9se, a vizu\u00e1lis kult\u00fara terjeszt\u00e9se. A nemzetk\u00f6zi kort\u00e1rs m\u0171v\u00e9szet magyarorsz\u00e1gi \u00e9s a magyar kort\u00e1rs m\u0171v\u00e9szet k\u00fclf\u00f6ldi bemutat\u00e1sa \u00e9rdek\u00e9ben a M\u0171csarnok Nonprofit [&hellip;]<\/p>\n","protected":false},"author":1,"featured_media":0,"parent":0,"comment_status":"open","ping_status":"open","sticky":false,"template":"","format":"standard","meta":{"_acf_changed":false,"footnotes":""},"categories":[3],"tags":[],"class_list":["post-821169","post","type-post","status-publish","format-standard","hentry","category-hirek"],"acf":[],"_links":{"self":[{"href":"https:\/\/exindex.hu\/hu\/wp-json\/wp\/v2\/posts\/821169","targetHints":{"allow":["GET"]}}],"collection":[{"href":"https:\/\/exindex.hu\/hu\/wp-json\/wp\/v2\/posts"}],"about":[{"href":"https:\/\/exindex.hu\/hu\/wp-json\/wp\/v2\/types\/post"}],"author":[{"embeddable":true,"href":"https:\/\/exindex.hu\/hu\/wp-json\/wp\/v2\/users\/1"}],"replies":[{"embeddable":true,"href":"https:\/\/exindex.hu\/hu\/wp-json\/wp\/v2\/comments?post=821169"}],"version-history":[{"count":0,"href":"https:\/\/exindex.hu\/hu\/wp-json\/wp\/v2\/posts\/821169\/revisions"}],"wp:attachment":[{"href":"https:\/\/exindex.hu\/hu\/wp-json\/wp\/v2\/media?parent=821169"}],"wp:term":[{"taxonomy":"category","embeddable":true,"href":"https:\/\/exindex.hu\/hu\/wp-json\/wp\/v2\/categories?post=821169"},{"taxonomy":"post_tag","embeddable":true,"href":"https:\/\/exindex.hu\/hu\/wp-json\/wp\/v2\/tags?post=821169"}],"curies":[{"name":"wp","href":"https:\/\/api.w.org\/{rel}","templated":true}]}}