{"id":821171,"date":"2010-11-27T00:06:26","date_gmt":"2010-11-26T23:06:26","guid":{"rendered":"https:\/\/exindex.hu\/?p=821171"},"modified":"2010-11-27T00:08:42","modified_gmt":"2010-11-26T23:08:42","slug":"pszeudo-40-pauer-70","status":"publish","type":"post","link":"https:\/\/exindex.hu\/hu\/hirek\/pszeudo-40-pauer-70\/","title":{"rendered":"Pszeudo 40 Pauer 70"},"content":{"rendered":"<p>Ki\u00e1ll\u00edt\u00e1s az MTA M\u0171v\u00e9szeti Gy\u0171jtem\u00e9nyben (<span class=\"text_exposed_show\">1051 Budapest, Roosevelt t\u00e9r 9. III. emelet)<\/span><br \/>\r\n 2010. <span class=\"text_exposed_show\">december  1 \u2013 2011. febru\u00e1r 28. <br \/>\r\n (nyitva: h\u00e9tf\u0151, szerda \u00e9s p\u00e9ntek, 11.00\u201316.00)<\/span><\/p>\r\n\r\n<p>Megnyit\u00f3 <strong>2010. november 30-\u00e1n 16 \u00f3ra<\/strong>kor <br \/>\r\n Megnyitja: Kukorelly Endre, \u00edr\u00f3<\/p>\r\n\r\n<p><em>Pszeudo 40 Pauer 70<\/em> c\u00edmmel ki\u00e1ll\u00edt\u00e1s ny\u00edlik a  Pszeudo 40. \u00e9vfordul\u00f3ja \u00e9s Pauer Gyula, a Sz\u00e9chenyi Irodalmi \u00e9s  M\u0171v\u00e9szeti Akad\u00e9mia tagja 70. sz\u00fclet\u00e9snapja alkalm\u00e1b\u00f3l az MTA M\u0171v\u00e9szeti  Gy\u0171jtem\u00e9nyben.<\/p>\r\n\r\n<p>Pauer Gyula 1970 okt\u00f3ber\u00e9ben rendezte meg az els\u0151 Pszeudo  bemutat\u00f3t, amikor stenciles sokszoros\u00edt\u00e1sban az Els\u0151 Pszeudo  Manifesztumot is k\u00f6zz\u00e9 tette. A ki\u00e1ll\u00edt\u00e1son a manifesztum k\u00f6r\u00e9 szervezve  a \u201ePszeudo m\u0171v\u00e9szet\u201d egyes aspektusai ker\u00fclnek bemutat\u00e1sra, a fennmaradt  m\u0171vekre, forr\u00e1sokra \u00e9s dokumentumokra t\u00e1maszkodva. A ki\u00e1ll\u00edt\u00e1s 2011. febru\u00e1r 28-\u00e1n  z\u00e1r, Pauer 70 \u00e9ves sz\u00fclet\u00e9snapj\u00e1n.<\/p>\r\n\r\n<p>Az Els\u0151 Pszeudo Manifesztum az 1945 ut\u00e1ni m\u0171v\u00e9szet egyik kiemelked\u0151  alkot\u00e1sa, amelyben egy szobr\u00e1szm\u0171v\u00e9sz nyilatkozott a szobr\u00e1szat, a  modern m\u0171v\u00e9szet (\u00e9s a \u201emodern\u201d \u00e9let) kett\u0151s \u2013 a Hamis \u00e9s az Igaz  kett\u0151ss\u00e9ge \u00e1ltal meghat\u00e1rozott \u2013 jelleg\u00e9r\u0151l. A manifesztum \u00e1ltal\u00e1nos  mondanival\u00f3ja \u00e9s ebb\u0151l k\u00f6vetkez\u0151en mindig aktu\u00e1lisan \u00e9rtelmezhet\u0151  \u201e\u00e1thall\u00e1sos\u201d nyelvezete vezetett ahhoz, hogy keletkez\u00e9s\u00e9nek id\u0151pontj\u00e1ban  a manifesztumot \u00e9s a Pszeud\u00f3t betiltott\u00e1k.<\/p>\r\n\r\n<p>Ugyanakkor Pauer Pszeudo  programj\u00e1val a l\u00e1tszat, az ill\u00fazi\u00f3 problematik\u00e1j\u00e1t nem csup\u00e1n a m\u0171v\u00e9szet  \u00e9s a t\u00e1rsadalom jelens\u00e9geivel kapcsolatban vetette fel, hanem  hangs\u00falyozta annak meghat\u00e1roz\u00f3 volt\u00e1t az emberi megismer\u00e9s, a  gondolkod\u00e1s \u00e9s a tudom\u00e1nyos kutat\u00e1s ter\u00fclet\u00e9n is: \u201eA Pszeudo-probl\u00e9ma  v\u00e9lem\u00e9nyem szerint egyre fontosabb\u00e1 v\u00e1lik a val\u00f3s\u00e1g kutat\u00e1s\u00e1ban,  [amelyben] nem csak a fizikusoknak, a k\u00e9mikusoknak, a kozmonaut\u00e1knak,  hanem a m\u0171v\u00e9szeknek is jut szerep&#8230;\u201d<\/p>\r\n\r\n<p>Az MTA M\u0171v\u00e9szeti Gy\u0171jtem\u00e9nyben megrendezett ki\u00e1ll\u00edt\u00e1s alkalm\u00e1b\u00f3l az  eddig n\u00e9gy nyelvre leford\u00edtott manifesztumot a vil\u00e1g sz\u00e1mos nyelv\u00e9re  \u00fcltetik \u00e1t az akci\u00f3ban r\u00e9szt vev\u0151 \u00f6nk\u00e9ntesek. Az elk\u00e9sz\u00fclt ford\u00edt\u00e1sokat a  megnyit\u00f3n vagy maguk a ford\u00edt\u00f3k, vagy a nyelveket anyanyelvi szinten  besz\u00e9l\u0151 k\u00f6zrem\u0171k\u00f6d\u0151k olvass\u00e1k fel. A manifesztum t\u00f6bbnyelv\u0171 kiad\u00e1sa a  tervek szerint a ki\u00e1ll\u00edt\u00e1s z\u00e1r\u00e1s\u00e1nak id\u0151pontj\u00e1ra k\u00e9sz\u00fcl el.<\/p>\r\n\r\n<p><span class=\"text_exposed_show\">Sz\u0151ke Annam\u00e1ria, a ki\u00e1ll\u00edt\u00e1s rendez\u0151je <\/span><\/p>","protected":false},"excerpt":{"rendered":"<p>Ki\u00e1ll\u00edt\u00e1s az MTA M\u0171v\u00e9szeti Gy\u0171jtem\u00e9nyben (1051 Budapest, Roosevelt t\u00e9r 9. III. emelet) 2010. december 1 \u2013 2011. febru\u00e1r 28. (nyitva: h\u00e9tf\u0151, szerda \u00e9s p\u00e9ntek, 11.00\u201316.00) Megnyit\u00f3 2010. november 30-\u00e1n 16 \u00f3rakor Megnyitja: Kukorelly Endre, \u00edr\u00f3 Pszeudo 40 Pauer 70 c\u00edmmel ki\u00e1ll\u00edt\u00e1s ny\u00edlik a Pszeudo 40. \u00e9vfordul\u00f3ja \u00e9s Pauer Gyula, a Sz\u00e9chenyi Irodalmi \u00e9s M\u0171v\u00e9szeti Akad\u00e9mia [&hellip;]<\/p>\n","protected":false},"author":1,"featured_media":0,"parent":0,"comment_status":"open","ping_status":"open","sticky":false,"template":"","format":"standard","meta":{"_acf_changed":false,"footnotes":""},"categories":[3],"tags":[],"class_list":["post-821171","post","type-post","status-publish","format-standard","hentry","category-hirek"],"acf":[],"_links":{"self":[{"href":"https:\/\/exindex.hu\/hu\/wp-json\/wp\/v2\/posts\/821171","targetHints":{"allow":["GET"]}}],"collection":[{"href":"https:\/\/exindex.hu\/hu\/wp-json\/wp\/v2\/posts"}],"about":[{"href":"https:\/\/exindex.hu\/hu\/wp-json\/wp\/v2\/types\/post"}],"author":[{"embeddable":true,"href":"https:\/\/exindex.hu\/hu\/wp-json\/wp\/v2\/users\/1"}],"replies":[{"embeddable":true,"href":"https:\/\/exindex.hu\/hu\/wp-json\/wp\/v2\/comments?post=821171"}],"version-history":[{"count":0,"href":"https:\/\/exindex.hu\/hu\/wp-json\/wp\/v2\/posts\/821171\/revisions"}],"wp:attachment":[{"href":"https:\/\/exindex.hu\/hu\/wp-json\/wp\/v2\/media?parent=821171"}],"wp:term":[{"taxonomy":"category","embeddable":true,"href":"https:\/\/exindex.hu\/hu\/wp-json\/wp\/v2\/categories?post=821171"},{"taxonomy":"post_tag","embeddable":true,"href":"https:\/\/exindex.hu\/hu\/wp-json\/wp\/v2\/tags?post=821171"}],"curies":[{"name":"wp","href":"https:\/\/api.w.org\/{rel}","templated":true}]}}