{"id":821172,"date":"2010-11-27T15:32:36","date_gmt":"2010-11-27T14:32:36","guid":{"rendered":"https:\/\/exindex.hu\/?p=821172"},"modified":"2010-11-27T15:32:36","modified_gmt":"2010-11-27T14:32:36","slug":"a-nemeken-tul-genderkritika-a-kortars-kepzomuveszetben","status":"publish","type":"post","link":"https:\/\/exindex.hu\/hu\/hirek\/a-nemeken-tul-genderkritika-a-kortars-kepzomuveszetben\/","title":{"rendered":"A nemeken t\u00fal: gender\/kritika a kort\u00e1rs k\u00e9pz\u0151m\u0171v\u00e9szetben"},"content":{"rendered":"<p>Nyilv\u00e1nos el\u0151ad\u00e1s \u00e9s kerekasztal-besz\u00e9lget\u00e9s<\/p>\r\n\r\n<p><strong>2010. november 29, h\u00e9tf\u0151, 18.30<\/strong>-t\u00f3l<br \/>\r\n MKE Interm\u00e9dia Tansz\u00e9k el\u0151ad\u00f3terem (Bp. VI. Kmety Gy\u00f6rgy u. 27.)<\/p>\r\n\r\n<p>program:<br \/>\r\n 18.30\u00a0 Ana Hoffner:<em> I&#8217;m too sad to tell you, Bosnian girl<\/em> (performat\u00edv el\u0151ad\u00e1s)<br \/>\r\n kb. 19.30\u00a0 Besz\u00e9lget\u00e9s Ana Hoffner, Michael Blum \u00e9s Bar\u00e1t Erzs\u00e9bet r\u00e9szv\u00e9tel\u00e9vel; moder\u00e1tor: Hock Bea<br \/>\r\n (Az el\u0151ad\u00e1s \u00e9s a kerekasztal-besz\u00e9lget\u00e9s nyelve angol.)<\/p>\r\n\r\n<p>Ana Hoffner performansz-m\u0171v\u00e9sz, a b\u00e9csi M\u0171v\u00e9szeti Akad\u00e9mia Center for Art\/Knowledge Research tansz\u00e9k\u00e9nek PhD hallgat\u00f3ja. \u00c9rdekl\u0151d\u00e9si ter\u00fclete a migr\u00e1ci\u00f3s \u00e9s (poszt)koloni\u00e1lis politika \u00e9s a queer elm\u00e9letek metsz\u00e9spontja. Performat\u00edv el\u0151ad\u00e1saiban az \u00fajra-j\u00e1tsz\u00e1son mint kritikai m\u0171v\u00e9szi strat\u00e9gi\u00e1n kereszt\u00fcl szembes\u00edt a 2000-es \u00e9vekben felmer\u00fcl\u0151 probl\u00e9m\u00e1kkal.<\/p>\r\n\r\n<p>Michael Blum interm\u00e9dia-m\u0171v\u00e9sz, a montr\u00e9ali \u00c9cole des arts visuels et m\u00e9diatiques tan\u00e1ra. Vend\u00e9gel\u0151ad\u00f3k\u00e9nt <em>A Tribute to Safiye Behar<\/em> c\u00edm\u0171 projektj\u00e9t mutatja be, melyben egy fikt\u00edv t\u00f6rt\u00e9nelmi figur\u00e1t teremtett. Safiye Behar, ahogy azt Blum be\u00e1ll\u00edtja, a T\u00f6r\u00f6korsz\u00e1got moderniz\u00e1l\u00f3 Mustafa Kem\u00e1l \u00e1ll\u00edt\u00f3lagos szeret\u0151je volt, s nagyban befoly\u00e1solta Atat\u00fcrk n\u00e9zeteit \u00e9s int\u00e9zked\u00e9seit, mindezen t\u00fal pedig zsid\u00f3, marxista \u00e9s feminista volt.<\/p>\r\n\r\n<p>Bar\u00e1t Erzs\u00e9bet gender-kutat\u00f3 (a Szegedi Tudom\u00e1nyegyetem Amerikanisztika Tansz\u00e9k\u00e9nek \u00e9s a Central European University Gender Studies Tansz\u00e9k\u00e9nek oktat\u00f3ja). Kutat\u00e1si ter\u00fcletei a nyelv, a m\u00e9dia \u00e9s a popul\u00e1ris kult\u00fara, illetve az ezekben konstru\u00e1l\u00f3d\u00f3 hatalmi, ideol\u00f3gia \u00e9s szexu\u00e1lis diszkurzusok, valamint a feminizmus \u00e9s a maszkulinit\u00e1s viszonya.<\/p>\r\n\r\n<p>Hock Bea az MKE K\u00e9pz\u0151m\u0171v\u00e9szet-elm\u00e9let \u00e9s Kur\u00e1tori Ismeretek tansz\u00e9k\u00e9n az idei f\u00e9l\u00e9vben <em>A nemeken t\u00fal: gender\/kritika a kort\u00e1rs k\u00e9pz\u0151m\u0171v\u00e9szetben<\/em> c\u00edm\u0171 \u00f3r\u00e1t tan\u00edtja. A jelen el\u0151ad\u00e1s \u00e9s kerekasztal-besz\u00e9lget\u00e9s a kurzus keretrendezv\u00e9nye.<\/p>","protected":false},"excerpt":{"rendered":"<p>Nyilv\u00e1nos el\u0151ad\u00e1s \u00e9s kerekasztal-besz\u00e9lget\u00e9s 2010. november 29, h\u00e9tf\u0151, 18.30-t\u00f3l MKE Interm\u00e9dia Tansz\u00e9k el\u0151ad\u00f3terem (Bp. VI. Kmety Gy\u00f6rgy u. 27.) program: 18.30\u00a0 Ana Hoffner: I&#8217;m too sad to tell you, Bosnian girl (performat\u00edv el\u0151ad\u00e1s) kb. 19.30\u00a0 Besz\u00e9lget\u00e9s Ana Hoffner, Michael Blum \u00e9s Bar\u00e1t Erzs\u00e9bet r\u00e9szv\u00e9tel\u00e9vel; moder\u00e1tor: Hock Bea (Az el\u0151ad\u00e1s \u00e9s a kerekasztal-besz\u00e9lget\u00e9s nyelve angol.) Ana [&hellip;]<\/p>\n","protected":false},"author":1,"featured_media":0,"parent":0,"comment_status":"open","ping_status":"open","sticky":false,"template":"","format":"standard","meta":{"_acf_changed":false,"footnotes":""},"categories":[3],"tags":[],"class_list":["post-821172","post","type-post","status-publish","format-standard","hentry","category-hirek"],"acf":[],"_links":{"self":[{"href":"https:\/\/exindex.hu\/hu\/wp-json\/wp\/v2\/posts\/821172","targetHints":{"allow":["GET"]}}],"collection":[{"href":"https:\/\/exindex.hu\/hu\/wp-json\/wp\/v2\/posts"}],"about":[{"href":"https:\/\/exindex.hu\/hu\/wp-json\/wp\/v2\/types\/post"}],"author":[{"embeddable":true,"href":"https:\/\/exindex.hu\/hu\/wp-json\/wp\/v2\/users\/1"}],"replies":[{"embeddable":true,"href":"https:\/\/exindex.hu\/hu\/wp-json\/wp\/v2\/comments?post=821172"}],"version-history":[{"count":0,"href":"https:\/\/exindex.hu\/hu\/wp-json\/wp\/v2\/posts\/821172\/revisions"}],"wp:attachment":[{"href":"https:\/\/exindex.hu\/hu\/wp-json\/wp\/v2\/media?parent=821172"}],"wp:term":[{"taxonomy":"category","embeddable":true,"href":"https:\/\/exindex.hu\/hu\/wp-json\/wp\/v2\/categories?post=821172"},{"taxonomy":"post_tag","embeddable":true,"href":"https:\/\/exindex.hu\/hu\/wp-json\/wp\/v2\/tags?post=821172"}],"curies":[{"name":"wp","href":"https:\/\/api.w.org\/{rel}","templated":true}]}}