{"id":821177,"date":"2010-11-30T17:56:56","date_gmt":"2010-11-30T16:56:56","guid":{"rendered":"https:\/\/exindex.hu\/?p=821177"},"modified":"2010-11-30T18:05:02","modified_gmt":"2010-11-30T17:05:02","slug":"a-iii-kollektiv-ember-tarsulat-eloadasa","status":"publish","type":"post","link":"https:\/\/exindex.hu\/hu\/hirek\/a-iii-kollektiv-ember-tarsulat-eloadasa\/","title":{"rendered":"A III. Kollekt\u00edv Ember T\u00e1rsulat el\u0151ad\u00e1sa"},"content":{"rendered":"<p><strong>2010. December 1. 19:00 <\/strong><br \/>\r\n Ernst M\u00fazeum<\/p>\r\n\r\n<p>A III. Kollekt\u00edv Ember T\u00e1rsulat el\u0151ad\u00e1sa &#8211; A <em>Jad Hanna &#8211; A kollekt\u00edv ember<\/em> ki\u00e1ll\u00edt\u00e1s keret\u00e9ben<\/p>\r\n\r\n<p>Az \u00f6nk\u00e9ntesekb\u0151l \u00e1ll\u00f3 t\u00e1rsulat L\u00e1szl\u00f3 Gergely darabj\u00e1t viszik sz\u00ednre.<\/p>\r\n\r\n<p style=\"text-align: center;\"><img loading=\"lazy\" decoding=\"async\" class=\"size-full wp-image-1178 aligncenter\" src=\"\/wp-content\/uploads\/x\/jelmez.jpg\" alt=\"\" width=\"450\" height=\"450\" \/><\/p>\r\n\r\n<p>A <em>Jad Hanna \u2013 A kollekt\u00edv ember<\/em> projekt egy k\u00f6z\u00f6ss\u00e9g t\u00f6rt\u00e9net\u00e9nek  rekonstrukci\u00f3ja, amely a szem\u00e9lyes \u00e9s kollekt\u00edv eml\u00e9kezet  \u00f6sszef\u00fcgg\u00e9seiben mutatja meg az uniformiz\u00e1lt viszonyok k\u00f6zepette is  l\u00e9tez\u0151, annak felboml\u00e1s\u00e1val meghat\u00e1roz\u00f3v\u00e1 v\u00e1l\u00f3 k\u00fcl\u00f6nbs\u00e9geket, mint\u00e1k \u00e9s  identit\u00e1sok soksz\u00edn\u0171s\u00e9g\u00e9t. Az Ernst M\u00fazeum-beli ki\u00e1ll\u00edt\u00e1s egy t\u00f6bb \u00e9ves  gy\u0171jt\u0151- \u00e9s eml\u00e9kmunka eredm\u00e9ny\u00e9t rendszerezi.<\/p>\r\n\r\n<p style=\"text-align: center;\"><img loading=\"lazy\" decoding=\"async\" class=\"size-full wp-image-1179 aligncenter\" src=\"\/wp-content\/uploads\/x\/szinpad.jpg\" alt=\"\" width=\"450\" height=\"292\" \/><\/p>\r\n <p>A Jad Hanna kibuc eddig  feldolgozatlan t\u00f6rt\u00e9net\u00e9nek rekonstrukci\u00f3ja, ahol kaleidoszk\u00f3pszer\u0171en  rendez\u0151dik egym\u00e1s mell\u00e9 sz\u00e1mos n\u00e9z\u0151pont, (\u00e9let)t\u00f6rt\u00e9net, vallom\u00e1s,  tartalmazza a kutat\u00e1s \u00e9s dokument\u00e1l\u00e1s folyamat\u00e1nak bemutat\u00e1s\u00e1t is.  L\u00e1szl\u00f3 Gergely projektj\u00e9ben t\u00f6bbf\u00e9le tematikus egys\u00e9g kapcsol\u00f3dik \u00f6ssze:  az arch\u00edv anyagokkal val\u00f3 munka, illetve a kort\u00e1rs dokument\u00e1ci\u00f3: fot\u00f3n  \u00e9s filmen r\u00f6gz\u00edtett \u00e9letk\u00e9pek, portr\u00e9k \u00e9s interj\u00fak. Ebben helyet kap a  kibucban \u00f6sszegy\u0171jt\u00f6tt fot\u00f3kb\u00f3l \u00e1ll\u00f3 arch\u00edvum, szem\u00e9lyes \u00e9s hivatalos  levelek, arch\u00edv dokumentum-propagandafilmek r\u00e9szletei, valamint L\u00e1szl\u00f3  Gergely a kibucban k\u00e9sz\u00edtett fot\u00f3i \u00e9s r\u00f6vidfilmjei. K\u00fcl\u00f6n egys\u00e9get  alkotnak a kibuc k\u00f6z\u00f6ss\u00e9g\u00e9nek legfontosabb \u00fcnnep\u00e9re, a Purimra k\u00e9sz\u00edtett  r\u00f6vid \u00e9s vicces el\u0151ad\u00e1sok \u00e9s kabar\u00e9sz\u00e1mok.<\/p>\r\n\r\n<p style=\"text-align: center;\"><img loading=\"lazy\" decoding=\"async\" class=\"size-medium wp-image-1181 aligncenter\" src=\"\/wp-content\/uploads\/x\/jadhanna-450x300.jpg\" alt=\"\" width=\"450\" height=\"300\" \/><\/p>","protected":false},"excerpt":{"rendered":"<p>2010. December 1. 19:00 Ernst M\u00fazeum A III. Kollekt\u00edv Ember T\u00e1rsulat el\u0151ad\u00e1sa &#8211; A Jad Hanna &#8211; A kollekt\u00edv ember ki\u00e1ll\u00edt\u00e1s keret\u00e9ben Az \u00f6nk\u00e9ntesekb\u0151l \u00e1ll\u00f3 t\u00e1rsulat L\u00e1szl\u00f3 Gergely darabj\u00e1t viszik sz\u00ednre. A Jad Hanna \u2013 A kollekt\u00edv ember projekt egy k\u00f6z\u00f6ss\u00e9g t\u00f6rt\u00e9net\u00e9nek rekonstrukci\u00f3ja, amely a szem\u00e9lyes \u00e9s kollekt\u00edv eml\u00e9kezet \u00f6sszef\u00fcgg\u00e9seiben mutatja meg az uniformiz\u00e1lt viszonyok [&hellip;]<\/p>\n","protected":false},"author":1,"featured_media":821178,"parent":0,"comment_status":"open","ping_status":"open","sticky":false,"template":"","format":"standard","meta":{"_acf_changed":false,"footnotes":""},"categories":[3],"tags":[],"class_list":["post-821177","post","type-post","status-publish","format-standard","has-post-thumbnail","hentry","category-hirek"],"acf":[],"_links":{"self":[{"href":"https:\/\/exindex.hu\/hu\/wp-json\/wp\/v2\/posts\/821177","targetHints":{"allow":["GET"]}}],"collection":[{"href":"https:\/\/exindex.hu\/hu\/wp-json\/wp\/v2\/posts"}],"about":[{"href":"https:\/\/exindex.hu\/hu\/wp-json\/wp\/v2\/types\/post"}],"author":[{"embeddable":true,"href":"https:\/\/exindex.hu\/hu\/wp-json\/wp\/v2\/users\/1"}],"replies":[{"embeddable":true,"href":"https:\/\/exindex.hu\/hu\/wp-json\/wp\/v2\/comments?post=821177"}],"version-history":[{"count":0,"href":"https:\/\/exindex.hu\/hu\/wp-json\/wp\/v2\/posts\/821177\/revisions"}],"wp:featuredmedia":[{"embeddable":true,"href":"https:\/\/exindex.hu\/hu\/wp-json\/wp\/v2\/media\/821178"}],"wp:attachment":[{"href":"https:\/\/exindex.hu\/hu\/wp-json\/wp\/v2\/media?parent=821177"}],"wp:term":[{"taxonomy":"category","embeddable":true,"href":"https:\/\/exindex.hu\/hu\/wp-json\/wp\/v2\/categories?post=821177"},{"taxonomy":"post_tag","embeddable":true,"href":"https:\/\/exindex.hu\/hu\/wp-json\/wp\/v2\/tags?post=821177"}],"curies":[{"name":"wp","href":"https:\/\/api.w.org\/{rel}","templated":true}]}}