{"id":821185,"date":"2010-12-02T14:06:02","date_gmt":"2010-12-02T13:06:02","guid":{"rendered":"https:\/\/exindex.hu\/?p=821185"},"modified":"2010-12-02T14:07:56","modified_gmt":"2010-12-02T13:07:56","slug":"szobraszi-autonomitas-a-tarsadalomban","status":"publish","type":"post","link":"https:\/\/exindex.hu\/hu\/hirek\/szobraszi-autonomitas-a-tarsadalomban\/","title":{"rendered":"Szobr\u00e1szi autonomit\u00e1s a t\u00e1rsadalomban"},"content":{"rendered":"<p><strong>Funkci\u00f3v\u00e1lt\u00e1s \u00e9s \u00edzl\u00e9sform\u00e1l\u00e1s<\/strong><br \/>\r\n A Magyar Szobr\u00e1sz T\u00e1rsas\u00e1g konferenci\u00e1ja<\/p>\r\n\r\n<p>Id\u0151pont: <strong>2010. december 3-\u00e1n, p\u00e9nteken 10 \u00f3r\u00e1t\u00f3l<\/strong><br \/>\r\n Helysz\u00edn: M\u0171csarnok el\u0151ad\u00f3terem<br \/>\r\n<br \/>\r\nA k\u00f6zgondolkod\u00e1sban, a t\u00e1rsadalmi kommunik\u00e1ci\u00f3ban, a nyilv\u00e1nos besz\u00e9d  ter\u00fclet\u00e9n a k\u00f6zt\u00e9ri szobor ugyan elvesztette kor\u00e1bbi \u2013 n\u00e1lunk az \u00f6tvenes  \u00e9vekt\u0151l t\u00fal\u00e9rt\u00e9kelt \u2013 szerep\u00e9t, hely\u00e9re azonban a t\u00f6megkult\u00fara l\u00e9pett. A  szerepveszt\u00e9s a m\u0171v\u00e9szeti alkot\u00e1sok autonomit\u00e1s\u00e1nak, a koncentr\u00e1lt  min\u0151s\u00e9gteremt\u00e9snek kedvezett, hisz a szobr\u00e1szatt\u00f3l idegen szempontok  (politika, propaganda stb.) csak korl\u00e1tozt\u00e1k saj\u00e1t kifejez\u0151eszk\u00f6zeinek,  gondolatainak megval\u00f3s\u00edt\u00e1s\u00e1ban. A megrendel\u0151k viszont ragaszkodnak e  funkci\u00f3hoz, a k\u00f6z\u00edzl\u00e9s idegenkedik a saj\u00e1t feladatait teljes\u00edt\u0151 auton\u00f3m  m\u0171vekt\u0151l.<br \/>\r\n<br \/>\r\n A konferencia c\u00e9lja, hogy a gyakorlati, elm\u00e9leti \u00e9s t\u00f6rv\u00e9nyi k\u00e9rd\u00e9sek  megvitat\u00e1s\u00e1val strat\u00e9gi\u00e1kat tal\u00e1ljon az auton\u00f3m szobr\u00e1szat  alkalmaz\u00e1s\u00e1ra, annak term\u00e9szetes szerepe, kult\u00fara\u00e9p\u00edt\u0151 funkci\u00f3ja  bet\u00f6lt\u00e9s\u00e9re.<\/p>\r\n\r\n<p><strong>Perogram:<\/strong><\/p>\r\n\r\n<p>10.00 <em>Bevezet\u0151<\/em> \u2013 K\u00f6sz\u00f6nt\u0151 \u2013 Velekei J\u00f3szef Lajos<em> <\/em>kur\u00e1tor<\/p>\r\n\r\n<p>10.20 <em>\u00c1llami szerepv\u00e1llal\u00e1s a k\u00f6zt\u00e9ren<\/em> \u2013 Kert\u00e9sz L\u00e1szl\u00f3<em> <\/em>igazgat\u00f3, MMI K\u00e9pz\u0151 \u00e9s Iparm\u0171v\u00e9szeti Lektor\u00e1tus<\/p>\r\n\r\n<p>10.40 <em>Mecenat\u00fara a k\u00f6zt\u00e9ren<\/em> \u2013 Szil\u00e1gyi Andr\u00e1s<em> <\/em>\u00e9p\u00edt\u00e9sz, Budapest Gal\u00e9ria<\/p>\r\n\r\n<p>11.00 <em>Aranyban\u00e1n, vadlovak \u00e9s h\u0151s\u00f6k tere \u2013 a gondolatform\u00e1l\u00f3 k\u00f6zt\u00e9r<\/em> \u2013 Hock Bea<em> <\/em>eszt\u00e9ta<\/p>\r\n\r\n<p>11.20 <em>A k\u00f6zt\u00e9ri akcentusok<\/em> \u2013 Farkas \u00c1d\u00e1m<em> <\/em>szobr\u00e1szm\u0171v\u00e9sz, a Szentendre M\u0171v\u00e9szet\u00e9\u00e9rt Alap\u00edtv\u00e1ny eln\u00f6ke<\/p>\r\n\r\n<p>11.40 k\u00e1v\u00e9sz\u00fcnet<\/p>\r\n\r\n<p>12.00 <em>Deklar\u00e1ci\u00f3 \u2013 t\u00e9r \u00e9s szobor<\/em> \u2013<em> <\/em>Simonffy M\u00e1rta eln\u00f6k, Magyar K\u00e9pz\u0151m\u0171v\u00e9szek \u00e9s Iparm\u0171v\u00e9szek Sz\u00f6vets\u00e9ge<\/p>\r\n\r\n<p>12.20 <em>K\u00f6zt\u00e9ri hat\u00e1resetek: Az eml\u00e9kt\u00e1bla<\/em> \u2013 Boros G\u00e9za m\u0171v\u00e9szett\u00f6rt\u00e9n\u00e9sz<\/p>\r\n\r\n<p>12.40 <em>Plasztikus Kor-k\u00e9pek \u2013 kort\u00e1rs magyar szobr\u00e1szati mo(nu)mentumok<\/em> \u2013 Szeifert Judit m\u0171v\u00e9szett\u00f6rt\u00e9n\u00e9sz<\/p>\r\n\r\n<p>13.00 21 <em>P\u00e1rbesz\u00e9d \u2013 public art akci\u00f3 P\u00e9cs k\u00f6zter\u00fcletein<\/em> \u2013 M. P\u00e1ll Zolt\u00e1n<em> <\/em>szobr\u00e1szm\u0171v\u00e9sz, PTE MK DLA hallgat\u00f3<\/p>","protected":false},"excerpt":{"rendered":"<p>Funkci\u00f3v\u00e1lt\u00e1s \u00e9s \u00edzl\u00e9sform\u00e1l\u00e1s A Magyar Szobr\u00e1sz T\u00e1rsas\u00e1g konferenci\u00e1ja Id\u0151pont: 2010. december 3-\u00e1n, p\u00e9nteken 10 \u00f3r\u00e1t\u00f3l Helysz\u00edn: M\u0171csarnok el\u0151ad\u00f3terem A k\u00f6zgondolkod\u00e1sban, a t\u00e1rsadalmi kommunik\u00e1ci\u00f3ban, a nyilv\u00e1nos besz\u00e9d ter\u00fclet\u00e9n a k\u00f6zt\u00e9ri szobor ugyan elvesztette kor\u00e1bbi \u2013 n\u00e1lunk az \u00f6tvenes \u00e9vekt\u0151l t\u00fal\u00e9rt\u00e9kelt \u2013 szerep\u00e9t, hely\u00e9re azonban a t\u00f6megkult\u00fara l\u00e9pett. A szerepveszt\u00e9s a m\u0171v\u00e9szeti alkot\u00e1sok autonomit\u00e1s\u00e1nak, a koncentr\u00e1lt min\u0151s\u00e9gteremt\u00e9snek [&hellip;]<\/p>\n","protected":false},"author":1,"featured_media":0,"parent":0,"comment_status":"open","ping_status":"open","sticky":false,"template":"","format":"standard","meta":{"_acf_changed":false,"footnotes":""},"categories":[3],"tags":[],"class_list":["post-821185","post","type-post","status-publish","format-standard","hentry","category-hirek"],"acf":[],"_links":{"self":[{"href":"https:\/\/exindex.hu\/hu\/wp-json\/wp\/v2\/posts\/821185","targetHints":{"allow":["GET"]}}],"collection":[{"href":"https:\/\/exindex.hu\/hu\/wp-json\/wp\/v2\/posts"}],"about":[{"href":"https:\/\/exindex.hu\/hu\/wp-json\/wp\/v2\/types\/post"}],"author":[{"embeddable":true,"href":"https:\/\/exindex.hu\/hu\/wp-json\/wp\/v2\/users\/1"}],"replies":[{"embeddable":true,"href":"https:\/\/exindex.hu\/hu\/wp-json\/wp\/v2\/comments?post=821185"}],"version-history":[{"count":0,"href":"https:\/\/exindex.hu\/hu\/wp-json\/wp\/v2\/posts\/821185\/revisions"}],"wp:attachment":[{"href":"https:\/\/exindex.hu\/hu\/wp-json\/wp\/v2\/media?parent=821185"}],"wp:term":[{"taxonomy":"category","embeddable":true,"href":"https:\/\/exindex.hu\/hu\/wp-json\/wp\/v2\/categories?post=821185"},{"taxonomy":"post_tag","embeddable":true,"href":"https:\/\/exindex.hu\/hu\/wp-json\/wp\/v2\/tags?post=821185"}],"curies":[{"name":"wp","href":"https:\/\/api.w.org\/{rel}","templated":true}]}}