{"id":821189,"date":"2010-12-04T23:17:40","date_gmt":"2010-12-04T22:17:40","guid":{"rendered":"https:\/\/exindex.hu\/?p=821189"},"modified":"2010-12-04T23:17:40","modified_gmt":"2010-12-04T22:17:40","slug":"prima-primissima-dij-2010","status":"publish","type":"post","link":"https:\/\/exindex.hu\/hu\/hirek\/prima-primissima-dij-2010\/","title":{"rendered":"Prima Primissima D\u00edj 2010"},"content":{"rendered":"<p>Id\u00e9n nyolcadik alkalommal ker\u00fclt megrendez\u00e9sre a  V\u00e1llalkoz\u00f3k Napja keret\u00e9n bel\u00fcl a Prima Primissima D\u00edj\u00e1tad\u00f3 G\u00e1laest. A d\u00edjazott &#8222;pr\u00edm\u00e1k&#8221; \u00e9s &#8222;primissim\u00e1k&#8221; a Prima Primissima  Alap\u00edtv\u00e1ny Alap\u00edt\u00f3 Okirat\u00e1ban meghat\u00e1rozott elj\u00e1r\u00e1s szerint ker\u00fcltek  megv\u00e1laszt\u00e1sra.<\/p>\r\n\r\n<p>Az Alap\u00edt\u00f3, a VOSZ kib\u0151v\u00edtett Eln\u00f6ks\u00e9g\u00e9nek tagjai, a  T\u00e1rsadalmi Tan\u00e1csad\u00f3 Test\u00fclet tagjai, a Prima Primssima Alap\u00edtv\u00e1ny  kurat\u00f3rium\u00e1nak tagjai, tov\u00e1bb\u00e1 a szakmai- \u00e9s \u00e9rdekk\u00e9pviseleti  szervezetek, valamint a kor\u00e1bbi \u00e9vek &#8222;primissim\u00e1i&#8221; \u00e9s a T\u00e1rsalap\u00edt\u00f3k,  valamint a t\u00e1mogat\u00f3k jel\u00f6lhettek.<\/p>\r\n\r\n<p>A be\u00e9rkezett jel\u00f6l\u00e9sekb\u0151l ny\u00e1r  elej\u00e9n a T\u00e1rsadalmi Tan\u00e1csad\u00f3 Test\u00fclet \u00e9s a Kurat\u00f3rium egy\u00fcttes \u00fcl\u00e9s\u00e9n,  titkos szavaz\u00e1ssal v\u00e1lasztotta meg a t\u00e1rgy\u00e9vi &#8222;pr\u00edm\u00e1kat&#8221;: kateg\u00f3ri\u00e1nk\u00e9nt  h\u00e1rmat. 2010. december 3-\u00e1n d\u00e9lben a &#8222;pr\u00edm\u00e1k&#8221; sor\u00e1b\u00f3l mind a 10  kateg\u00f3ri\u00e1ban egy-egy &#8222;primissim\u00e1t&#8221; v\u00e1lasztottak titkos szavaz\u00e1ssal a  VOSZ kib\u0151v\u00edtett Eln\u00f6ks\u00e9g\u00e9nek \u00e9s a Prima Primissima Alap\u00edtv\u00e1ny  Kurat\u00f3riumnak tagjai.<\/p>\r\n\r\n<p>A &#8222;primissim\u00e1k&#8221; 50.000 \u20ac, a &#8222;pr\u00edm\u00e1k&#8221; 10.000 \u20ac \u00f6sszeg\u0171  p\u00e9nzbeli elismer\u00e9st kapnak. A K\u00f6z\u00f6ns\u00e9g-d\u00edj szint\u00e9n\u00a0 50.000 \u20ac. A &#8222;primissim\u00e1k&#8221; a p\u00e9nzbeli elismer\u00e9s mellett megkapj\u00e1k a  Zsolnay Porcel\u00e1nmanufakt\u00fara \u00e1ltal k\u00e9sz\u00edtett Kincsem-szobrot, Schrammel  Imre Kossuth- \u00e9s Primissima-d\u00edjas szobr\u00e1szm\u0171v\u00e9sz m\u0171v\u00e9t, m\u00edg a  K\u00f6z\u00f6ns\u00e9g-d\u00edjas az Ajka Krist\u00e1ly \u00f3lomkrist\u00e1ly Kincsem lov\u00e1t tudhatja  mag\u00e1\u00e9nak.<\/p>\r\n\r\n<p>A K\u00f6z\u00f6ns\u00e9g-d\u00edj nyertese a harminc  &#8222;pr\u00edma&#8221;  k\u00f6z\u00fcl a k\u00f6z\u00f6ns\u00e9g szavazatai alapj\u00e1n ker\u00fclt ki. Id\u00e9n t\u00f6bb, mint  k\u00e9tsz\u00e1z\u00f6tvenezren  szavaztak sms-ben, telefonon, az interneten, illetve a  Westend City  Center-ben, a P\u00f3lus Centerben, valamint a M\u0171v\u00e9szetek  Palot\u00e1j\u00e1ban elhelyezett szavaz\u00f3dobozokba bedobott szavazatokkal.<\/p>\r\n\r\n<p>Az \u00f6sszes nyertes kateg\u00f3ri\u00e1k szerint:<\/p>\r\n\r\n<p><em>Magyar irodalom<\/em><br \/>\r\n Primissima D\u00edj: Moldova Gy\u00f6rgy, \u00edr\u00f3<br \/>\r\n Prima D\u00edj: Czak\u00f3 G\u00e1bor, pr\u00f3za\u00edr\u00f3<br \/>\r\n Prima D\u00edj: Gergely \u00c1gnes, \u00edr\u00f3<\/p>\r\n\r\n<p><em>Magyar sz\u00ednh\u00e1z- \u00e9s filmm\u0171v\u00e9szet<\/em><br \/>\r\n Primissima D\u00edj: Koltai Lajos, operat\u0151r<br \/>\r\n Prima D\u00edj: Jancs\u00f3 Mikl\u00f3s, filmrendez\u0151<br \/>\r\n Prima D\u00edj: S\u00e1ndor Gy\u00f6rgy, sz\u00ednm\u0171v\u00e9sz, \u00edr\u00f3, rendez\u0151<\/p>\r\n\r\n<p><em>Magyar k\u00e9pz\u0151m\u0171v\u00e9szet<\/em><br \/>\r\n Primissima D\u00edj: Kubinyi Anna, textilm\u0171v\u00e9sz<br \/>\r\n Prima D\u00edj: Farkas \u00c1d\u00e1m, szobr\u00e1szm\u0171v\u00e9sz<br \/>\r\n Prima D\u00edj: Haraszt\u00ff Istv\u00e1n, szobr\u00e1szm\u0171v\u00e9sz<\/p>\r\n\r\n<p><em>Magyar tudom\u00e1ny<\/em><br \/>\r\n Primissima D\u00edj: Rubik Ern\u0151, \u00e9p\u00edt\u00e9sz, tervez\u0151, feltal\u00e1l\u00f3<br \/>\r\n Prima D\u00edj: Tulassay Tivadar, gyermekgy\u00f3gy\u00e1sz<br \/>\r\n Prima D\u00edj: V\u00e9k\u00e1s Lajos, jog\u00e1sz professzor<\/p>\r\n\r\n<p><em>Magyar oktat\u00e1s \u00e9s k\u00f6znevel\u00e9s<\/em><br \/>\r\n Primissima D\u00edj: D\u00e9v\u00e9ny Anna, gy\u00f3gytorn\u00e1sz, m\u0171v\u00e9szi torna szakedz\u0151<br \/>\r\n Prima D\u00edj: D\u00e1vid Katalin, m\u0171v\u00e9szett\u00f6rt\u00e9n\u00e9sz<br \/>\r\n Prima D\u00edj: Keser\u00fc Katalin, m\u0171v\u00e9szett\u00f6rt\u00e9n\u00e9sz<\/p>\r\n\r\n<p><em>Magyar \u00e9p\u00edt\u00e9szet \u00e9s \u00e9p\u00edt\u0151m\u0171v\u00e9szet<\/em><br \/>\r\n Primissima D\u00edj: Bal\u00e1zs Mih\u00e1ly, \u00e9p\u00edt\u00e9sz<br \/>\r\n Prima D\u00edj: Nagy Tam\u00e1s, \u00e9p\u00edt\u00e9sz<br \/>\r\n Prima D\u00edj: Varga Levente, \u00e9p\u00edt\u00e9sz<\/p>\r\n\r\n<p><em>Magyar sajt\u00f3<\/em><br \/>\r\n Primissima D\u00edj: Veiszer Alinda, m\u0171sorvezet\u0151<br \/>\r\n Prima D\u00edj: Heltai P\u00e9ter, r\u00e1di\u00f3s-t\u00e9v\u00e9s m\u0171sorvezet\u0151<br \/>\r\n Prima D\u00edj: Kiss R\u00f3bert Rich\u00e1rd, turisztikai szak\u00fajs\u00e1g\u00edr\u00f3<\/p>\r\n\r\n<p><em>Magyar n\u00e9pm\u0171v\u00e9szet \u00e9s k\u00f6zm\u0171vel\u0151d\u00e9s<\/em><br \/>\r\n Primissima D\u00edj: Cs\u00edk Zenekar<br \/>\r\n Prima D\u00edj: Ba\u00e1n L\u00e1szl\u00f3, a Sz\u00e9pm\u0171v\u00e9szeti M\u00fazeum f\u0151igazgat\u00f3ja<br \/>\r\n Prima D\u00edj: Ny\u00edrs\u00e9g T\u00e1ncegy\u00fcttes<\/p>\r\n\r\n<p><em>Magyar zenem\u0171v\u00e9szet<\/em><br \/>\r\n Primissima D\u00edj: \u00c9rdi Tam\u00e1s, zongoram\u0171v\u00e9sz<br \/>\r\n Prima D\u00edj: Magyar R\u00e1di\u00f3 Gyermekk\u00f3rus<br \/>\r\n Prima D\u00edj: Tokody Ilona, opera\u00e9nekesn\u0151<\/p>\r\n\r\n<p><em> Magyar sport<\/em><br \/>\r\n Primissima D\u00edj: Buz\u00e1nszky Jen\u0151, az Aranycsapat tagja, labdar\u00fag\u00f3<br \/>\r\n Prima D\u00edj: Erdei Zsolt, \u00f6k\u00f6lv\u00edv\u00f3<br \/>\r\n Prima D\u00edj: Monspart Sarolta, t\u00e1jfut\u00f3, s\u00edfut\u00f3, sportvezet\u0151<\/p>\r\n\r\n<p><em>K\u00f6z\u00f6ns\u00e9gd\u00edj:<\/em><br \/>\r\n Kiss R\u00f3bert Rich\u00e1rd, turisztikai szak\u00fajs\u00e1g\u00edr\u00f3<\/p>","protected":false},"excerpt":{"rendered":"<p>Id\u00e9n nyolcadik alkalommal ker\u00fclt megrendez\u00e9sre a V\u00e1llalkoz\u00f3k Napja keret\u00e9n bel\u00fcl a Prima Primissima D\u00edj\u00e1tad\u00f3 G\u00e1laest. A d\u00edjazott &#8222;pr\u00edm\u00e1k&#8221; \u00e9s &#8222;primissim\u00e1k&#8221; a Prima Primissima Alap\u00edtv\u00e1ny Alap\u00edt\u00f3 Okirat\u00e1ban meghat\u00e1rozott elj\u00e1r\u00e1s szerint ker\u00fcltek megv\u00e1laszt\u00e1sra. Az Alap\u00edt\u00f3, a VOSZ kib\u0151v\u00edtett Eln\u00f6ks\u00e9g\u00e9nek tagjai, a T\u00e1rsadalmi Tan\u00e1csad\u00f3 Test\u00fclet tagjai, a Prima Primssima Alap\u00edtv\u00e1ny kurat\u00f3rium\u00e1nak tagjai, tov\u00e1bb\u00e1 a szakmai- \u00e9s \u00e9rdekk\u00e9pviseleti szervezetek, [&hellip;]<\/p>\n","protected":false},"author":1,"featured_media":0,"parent":0,"comment_status":"open","ping_status":"open","sticky":false,"template":"","format":"standard","meta":{"_acf_changed":false,"footnotes":""},"categories":[3],"tags":[],"class_list":["post-821189","post","type-post","status-publish","format-standard","hentry","category-hirek"],"acf":[],"_links":{"self":[{"href":"https:\/\/exindex.hu\/hu\/wp-json\/wp\/v2\/posts\/821189","targetHints":{"allow":["GET"]}}],"collection":[{"href":"https:\/\/exindex.hu\/hu\/wp-json\/wp\/v2\/posts"}],"about":[{"href":"https:\/\/exindex.hu\/hu\/wp-json\/wp\/v2\/types\/post"}],"author":[{"embeddable":true,"href":"https:\/\/exindex.hu\/hu\/wp-json\/wp\/v2\/users\/1"}],"replies":[{"embeddable":true,"href":"https:\/\/exindex.hu\/hu\/wp-json\/wp\/v2\/comments?post=821189"}],"version-history":[{"count":0,"href":"https:\/\/exindex.hu\/hu\/wp-json\/wp\/v2\/posts\/821189\/revisions"}],"wp:attachment":[{"href":"https:\/\/exindex.hu\/hu\/wp-json\/wp\/v2\/media?parent=821189"}],"wp:term":[{"taxonomy":"category","embeddable":true,"href":"https:\/\/exindex.hu\/hu\/wp-json\/wp\/v2\/categories?post=821189"},{"taxonomy":"post_tag","embeddable":true,"href":"https:\/\/exindex.hu\/hu\/wp-json\/wp\/v2\/tags?post=821189"}],"curies":[{"name":"wp","href":"https:\/\/api.w.org\/{rel}","templated":true}]}}