{"id":821193,"date":"2010-12-07T00:48:05","date_gmt":"2010-12-06T23:48:05","guid":{"rendered":"https:\/\/exindex.hu\/?p=821193"},"modified":"2010-12-07T19:53:48","modified_gmt":"2010-12-07T18:53:48","slug":"jotekonysagi-fotoarveres-a-magyar-fotografiai-muzeum-javara","status":"publish","type":"post","link":"https:\/\/exindex.hu\/hu\/hirek\/jotekonysagi-fotoarveres-a-magyar-fotografiai-muzeum-javara\/","title":{"rendered":"J\u00f3t\u00e9konys\u00e1gi fot\u00f3\u00e1rver\u00e9s a Fotogr\u00e1fiai M\u00fazeum jav\u00e1ra"},"content":{"rendered":"<p>Ludwig M\u00fazeum, I. Emelet K\u00e9k terem<br \/>\r\n <strong>2010. december 8. 18:00<\/strong><\/p>\r\n\r\n<p>Az \u00e1rver\u00e9si anyag megtekinthet\u0151 a <a href=\"http:\/\/www.axioart.hu\/index.php?op=live_auction&amp;id=2811\" target=\"_blank\">www.axioart.hu<\/a> c\u00edm alatt, a k\u00e9pekre lehet licit\u00e1lni online is a<a href=\"http:\/\/www.vatera.hu\/fotoarveres\/\" target=\"_blank\"> www.vatera.hu\/fotoarveres<\/a> oldalon.<\/p>\r\n\r\n<p style=\"text-align: center;\"><img loading=\"lazy\" decoding=\"async\" class=\"size-full wp-image-1195 aligncenter\" src=\"\/wp-content\/uploads\/x\/arveres.jpg\" alt=\"\" width=\"237\" height=\"177\" \/><\/p>\r\n\r\n<p>A kedvezm\u00e9nyezettr\u0151l:<\/p>\r\n\r\n<p>A kecskem\u00e9ti <a href=\"http:\/\/fotomuzeum.hu\/\" target=\"_blank\">Magyar Fotogr\u00e1fiai M\u00fazeum<\/a> mind magyar, mind egyetem \u00e9rv\u00e9ny\u0171 fotogr\u00e1fi\u00e1kat \u0151riz, de elt\u00e9r\u0151 szempontok szerint. Magyar kollekci\u00f3j\u00e1ban teljess\u00e9gre t\u00f6rekszik, azaz minden korb\u00f3l, minden ir\u00e1nyzatb\u00f3l, minden fontosabb szerz\u0151t\u0151l \u0151riz fot\u00f3kat, s\u0151t teljes hagyat\u00e9kokat. Az egyetemes fotogr\u00e1fi\u00e1b\u00f3l viszont, mivel financi\u00e1lis lehet\u0151s\u00e9gei meglehet\u0151sen korl\u00e1tozottak, csak v\u00e9letlenszer\u0171en tud v\u00e1s\u00e1rolni, cser\u00e9lni kiemelked\u0151 alkot\u00f3k fot\u00f3ib\u00f3l, mint Alinari, Eve Arnold, Mario de Biasi, Henri Cartier-Bresson, Imogen Cunningham, Franti\u0105ek Drtikol, Walker Evans, Ren\u00e9 Groebli, Lotte Jacobi, Yousuf Karsh, Erna Lendvai-Dirksen,Helmar Lerski, Robert Mapplethorpe, James Nachway, David Seymour, Edward Steichen.<\/p>\r\n\r\n<p>A kecskem\u00e9ti m\u00fazeum els\u0151sorban a Magyarorsz\u00e1gr\u00f3l elsz\u00e1rmazott, de k\u00fclf\u00f6ld\u00f6n ismerts\u00e9get szerzett fot\u00f3sok k\u00e9peire a legb\u00fcszk\u00e9bb. Jelent\u0151s anyagot mondhat mag\u00e1\u00e9nak Andr\u00e9 Kert\u00e9szt\u0151l, Moholy-Nagy L\u00e1szl\u00f3t\u00f3l, Kepes Gy\u00f6rgyt\u0151l, Robert Cap\u00e1t\u00f3l, Cornell Cap\u00e1t\u00f3l, Paul Alm\u00e1syt\u00f3l, Brassait\u00f3l, Munk\u00e1csi M\u00e1rtont\u00f3l, Ata Kandot\u00f3l \u00e9s m\u00e1sokt\u00f3l. Nem kisebb becsben tartj\u00e1k a legkiv\u00e1l\u00f3bb Magyarorsz\u00e1gon maradt fotogr\u00e1fusok munk\u00e1it, \u00edgy P\u00e9csi J\u00f3zsef\u00e9t, Balogh Rudolf\u00e9t, Escher K\u00e1roly\u00e9t, Angel\u00f3\u00e9t, M\u00e1t\u00e9 Olg\u00e1\u00e9t, s m\u00e9g f\u00e9lezernyi alkot\u00f3\u00e9t. A kort\u00e1rsak k\u00f6z\u00fcl az \u00f6sszes jelent\u0151s alkot\u00f3t\u00f3l, \u00edgy F\u00e9ner Tam\u00e1st\u00f3l, Korniss P\u00e9tert\u0151l, Kerekes G\u00e1bort\u00f3l \u00e9s m\u00e1sokt\u00f3l is \u0151riznek fotogr\u00e1fi\u00e1kat rakt\u00e1rainkban.<\/p>","protected":false},"excerpt":{"rendered":"<p>Ludwig M\u00fazeum, I. Emelet K\u00e9k terem 2010. december 8. 18:00 Az \u00e1rver\u00e9si anyag megtekinthet\u0151 a www.axioart.hu c\u00edm alatt, a k\u00e9pekre lehet licit\u00e1lni online is a www.vatera.hu\/fotoarveres oldalon. A kedvezm\u00e9nyezettr\u0151l: A kecskem\u00e9ti Magyar Fotogr\u00e1fiai M\u00fazeum mind magyar, mind egyetem \u00e9rv\u00e9ny\u0171 fotogr\u00e1fi\u00e1kat \u0151riz, de elt\u00e9r\u0151 szempontok szerint. Magyar kollekci\u00f3j\u00e1ban teljess\u00e9gre t\u00f6rekszik, azaz minden korb\u00f3l, minden ir\u00e1nyzatb\u00f3l, minden [&hellip;]<\/p>\n","protected":false},"author":1,"featured_media":821195,"parent":0,"comment_status":"open","ping_status":"open","sticky":false,"template":"","format":"standard","meta":{"_acf_changed":false,"footnotes":""},"categories":[3],"tags":[],"class_list":["post-821193","post","type-post","status-publish","format-standard","has-post-thumbnail","hentry","category-hirek"],"acf":[],"_links":{"self":[{"href":"https:\/\/exindex.hu\/hu\/wp-json\/wp\/v2\/posts\/821193","targetHints":{"allow":["GET"]}}],"collection":[{"href":"https:\/\/exindex.hu\/hu\/wp-json\/wp\/v2\/posts"}],"about":[{"href":"https:\/\/exindex.hu\/hu\/wp-json\/wp\/v2\/types\/post"}],"author":[{"embeddable":true,"href":"https:\/\/exindex.hu\/hu\/wp-json\/wp\/v2\/users\/1"}],"replies":[{"embeddable":true,"href":"https:\/\/exindex.hu\/hu\/wp-json\/wp\/v2\/comments?post=821193"}],"version-history":[{"count":0,"href":"https:\/\/exindex.hu\/hu\/wp-json\/wp\/v2\/posts\/821193\/revisions"}],"wp:featuredmedia":[{"embeddable":true,"href":"https:\/\/exindex.hu\/hu\/wp-json\/wp\/v2\/media\/821195"}],"wp:attachment":[{"href":"https:\/\/exindex.hu\/hu\/wp-json\/wp\/v2\/media?parent=821193"}],"wp:term":[{"taxonomy":"category","embeddable":true,"href":"https:\/\/exindex.hu\/hu\/wp-json\/wp\/v2\/categories?post=821193"},{"taxonomy":"post_tag","embeddable":true,"href":"https:\/\/exindex.hu\/hu\/wp-json\/wp\/v2\/tags?post=821193"}],"curies":[{"name":"wp","href":"https:\/\/api.w.org\/{rel}","templated":true}]}}