{"id":821198,"date":"2010-12-09T01:28:57","date_gmt":"2010-12-09T00:28:57","guid":{"rendered":"https:\/\/exindex.hu\/?p=821198"},"modified":"2010-12-09T12:25:18","modified_gmt":"2010-12-09T11:25:18","slug":"aica-dij-2010","status":"publish","type":"post","link":"https:\/\/exindex.hu\/hu\/hirek\/aica-dij-2010\/","title":{"rendered":"AICA-d\u00edj 2010"},"content":{"rendered":"<p>A M\u0171kritikusok Nemzetk\u00f6zi Sz\u00f6vets\u00e9g\u00e9nek (AICA) Magyar Tagozata az  Oktat\u00e1si \u00e9s Kultur\u00e1lis Miniszt\u00e9rium t\u00e1mogat\u00e1s\u00e1val n\u00e9h\u00e1ny \u00e9ve hagyom\u00e1nyteremt\u0151  c\u00e9llal hozta l\u00e9tre az AICA Kort\u00e1rs M\u0171v\u00e9szeti D\u00edjat. C\u00e9lja az  adott \u00e9v kiemelked\u0151 kort\u00e1rs m\u0171v\u00e9szeti teljes\u00edtm\u00e9nyeinek elismer\u00e9se.<\/p>\r\n\r\n<p>A  d\u00edjat h\u00e1rom kateg\u00f3ri\u00e1ban \u2013 m\u0171kritikusi, kur\u00e1tori \u00e9s m\u0171v\u00e9sz \u2013 \u00edt\u00e9lik oda,  melynek \u00f6sszege kateg\u00f3ri\u00e1nk\u00e9nt 400.000 Ft. Az elismer\u00e9sekre az AICA magyar tagozati tags\u00e1g\u00e1nak egyharmada, 25 f\u0151  adott le jel\u00f6l\u00e9st, a v\u00e9gs\u0151 d\u00f6nt\u00e9st a szervezet h\u00e9ttag\u00fa eln\u00f6ks\u00e9ge hozta  meg.<\/p>\r\n\r\n<p>A d\u00edj\u00e1tad\u00f3ra december 8-\u00e1n\u00a0 a FUGA Breuer Marcell term\u00e9ben ker\u00fclt sor.<\/p>\r\n\r\n<p>A d\u00edj 2010 \u00e9vi nyertesei:<\/p>\r\n\r\n<p>M\u0171v\u00e9sz<\/p>\r\n\r\n<p>Cs\u00e1k\u00e1ny Istv\u00e1n: <em>A k\u00e9pzelet tudom\u00e1nya<\/em> c\u00edm\u0171 ki\u00e1ll\u00edt\u00e1son bemutatott <a href=\"\/wp-content\/uploads\/mh\/30\/53624\/borostyanszoba.jpg\" target=\"_blank\"><em>Borosty\u00e1nszoba<\/em><\/a> c\u00edm\u0171 m\u0171v\u00e9\u00e9rt<\/p>\r\n\r\n<p>Kur\u00e1tor<\/p>\r\n\r\n<p>Angel Judit: <a href=\"http:\/\/www.metatron.sh\/koztesido\/Kezd%C5%91lap\" target=\"_blank\">K\u00f6ztes id\u0151 sorozat<\/a>, Dorottya Gal\u00e9ria<\/p>\r\n\r\n<p>Kritikus<\/p>\r\n\r\n<p>Andr\u00e1si G\u00e1bor<a href=\"http:\/\/hvg.hu\/kultura\/20100909_kovasznai_gyorgy_eletmu_kiallitas\" target=\"_blank\">: A fest\u00e9k l\u00e1zad\u00e1sa \u2013 a Kov\u00e1sznai projektum<\/a>. M\u0171\u00e9rt\u0151, 2010. szeptember<\/p>","protected":false},"excerpt":{"rendered":"<p>A M\u0171kritikusok Nemzetk\u00f6zi Sz\u00f6vets\u00e9g\u00e9nek (AICA) Magyar Tagozata az Oktat\u00e1si \u00e9s Kultur\u00e1lis Miniszt\u00e9rium t\u00e1mogat\u00e1s\u00e1val n\u00e9h\u00e1ny \u00e9ve hagyom\u00e1nyteremt\u0151 c\u00e9llal hozta l\u00e9tre az AICA Kort\u00e1rs M\u0171v\u00e9szeti D\u00edjat. C\u00e9lja az adott \u00e9v kiemelked\u0151 kort\u00e1rs m\u0171v\u00e9szeti teljes\u00edtm\u00e9nyeinek elismer\u00e9se. A d\u00edjat h\u00e1rom kateg\u00f3ri\u00e1ban \u2013 m\u0171kritikusi, kur\u00e1tori \u00e9s m\u0171v\u00e9sz \u2013 \u00edt\u00e9lik oda, melynek \u00f6sszege kateg\u00f3ri\u00e1nk\u00e9nt 400.000 Ft. Az elismer\u00e9sekre az AICA magyar [&hellip;]<\/p>\n","protected":false},"author":1,"featured_media":0,"parent":0,"comment_status":"open","ping_status":"open","sticky":false,"template":"","format":"standard","meta":{"_acf_changed":false,"footnotes":""},"categories":[3],"tags":[],"class_list":["post-821198","post","type-post","status-publish","format-standard","hentry","category-hirek"],"acf":[],"_links":{"self":[{"href":"https:\/\/exindex.hu\/hu\/wp-json\/wp\/v2\/posts\/821198","targetHints":{"allow":["GET"]}}],"collection":[{"href":"https:\/\/exindex.hu\/hu\/wp-json\/wp\/v2\/posts"}],"about":[{"href":"https:\/\/exindex.hu\/hu\/wp-json\/wp\/v2\/types\/post"}],"author":[{"embeddable":true,"href":"https:\/\/exindex.hu\/hu\/wp-json\/wp\/v2\/users\/1"}],"replies":[{"embeddable":true,"href":"https:\/\/exindex.hu\/hu\/wp-json\/wp\/v2\/comments?post=821198"}],"version-history":[{"count":0,"href":"https:\/\/exindex.hu\/hu\/wp-json\/wp\/v2\/posts\/821198\/revisions"}],"wp:attachment":[{"href":"https:\/\/exindex.hu\/hu\/wp-json\/wp\/v2\/media?parent=821198"}],"wp:term":[{"taxonomy":"category","embeddable":true,"href":"https:\/\/exindex.hu\/hu\/wp-json\/wp\/v2\/categories?post=821198"},{"taxonomy":"post_tag","embeddable":true,"href":"https:\/\/exindex.hu\/hu\/wp-json\/wp\/v2\/tags?post=821198"}],"curies":[{"name":"wp","href":"https:\/\/api.w.org\/{rel}","templated":true}]}}