{"id":821202,"date":"2010-12-10T00:47:19","date_gmt":"2010-12-09T23:47:19","guid":{"rendered":"https:\/\/exindex.hu\/?p=821202"},"modified":"2011-01-12T23:21:58","modified_gmt":"2011-01-12T22:21:58","slug":"az-aica-levele-az-mnv-zrt-nek","status":"publish","type":"post","link":"https:\/\/exindex.hu\/hu\/hirek\/az-aica-levele-az-mnv-zrt-nek\/","title":{"rendered":"Az AICA levele az MNV Zrt-nek"},"content":{"rendered":"<p>Horv\u00e1th Gergely Domonkos Vez\u00e9rigazgat\u00f3 \u00darnak<br \/>\r\n Magyar Nemzeti Vagyonkezel\u0151 Zrt. Igazgat\u00f3s\u00e1ga<br \/>\r\n 1133 Budapest<br \/>\r\n Pozsonyi \u00fat 56.<\/p>\r\n\r\n<p>Tisztelt Vez\u00e9rigazgat\u00f3 \u00dar!<\/p>\r\n\r\n<p>A M\u0171csarnok kiemelked\u0151 helyet foglal el kultur\u00e1lis int\u00e9zm\u00e9nyrendszer\u00fcnkben. Ki\u00e1ll\u00edt\u00e1si programj\u00e1val, szervez\u0151tev\u00e9kenys\u00e9g\u00e9vel meghat\u00e1roz\u00f3 szerepet j\u00e1tszik a kort\u00e1rs magyar k\u00e9pz\u0151m\u0171v\u00e9szet hazai \u00e9s k\u00fclf\u00f6ldi bemutat\u00e1s\u00e1ban, illetve a nemzetk\u00f6zi m\u0171v\u00e9szeti \u00e1ramlatok magyarorsz\u00e1gi megjelen\u00edt\u00e9s\u00e9ben. \u00c9ppen ez\u00e9rt rendk\u00edv\u00fcl fontos, hogy a M\u0171csarnok Kiemelten K\u00f6zhaszn\u00fa Nonprofit Kft. f\u0151igazgat\u00f3i p\u00e1ly\u00e1zat\u00e1ban elv\u00e1r\u00e1sk\u00e9nt fogalmaz\u00f3djon meg a m\u0171v\u00e9szett\u00f6rt\u00e9n\u00e9szi fels\u0151fok\u00fa v\u00e9gzetts\u00e9g mellett a kort\u00e1rs k\u00e9pz\u0151m\u0171v\u00e9szeti \u00e9letben val\u00f3 j\u00e1rtass\u00e1g, valamint a kort\u00e1rs m\u0171v\u00e9szeti int\u00e9zm\u00e9nyrendszerben szerzett szakmai tapasztalat.<br \/>\r\n Az AICA M\u0171kritikusok Nemzetk\u00f6zi Szervezete Magyar Tagozata mint a magyar k\u00e9pz\u0151m\u0171v\u00e9szeti \u00e9let egyik akt\u00edv szerepl\u0151je felk\u00e9ri Vez\u00e9rigazgat\u00f3 Urat, hogy a b\u00edr\u00e1l\u00f3 bizotts\u00e1g kijel\u00f6l\u00e9sekor \u00e9s a p\u00e1ly\u00e1zatok elb\u00edr\u00e1l\u00e1sakor a Magyar Nemzeti Vagyonkezel\u0151 helyezze el\u0151t\u00e9rbe a kort\u00e1rs k\u00e9pz\u0151m\u0171v\u00e9szet szakmai szempontjait. Ehhez \u2013 amennyiben erre ig\u00e9nyt tartanak \u2013 szervezet\u00fcnk, a kor\u00e1bbi \u00e9vekhez \u00e9s sz\u00e1mos kor\u00e1bbi p\u00e1ly\u00e1zathoz hasonl\u00f3an, minden szakmai seg\u00edts\u00e9get megad.<\/p>\r\n\r\n<p>Budapest, 2010. december 7.<\/p>\r\n\r\n<p>AICA M\u0171kritikusok Nemzetk\u00f6zi Szervezete <a href=\"http:\/\/aica.hu\/\" target=\"_blank\">Magyar Tagozata<\/a><\/p>\r\n\r\n<p><br class=\"spacer_\" \/><\/p>\r\n\r\n<p><br class=\"spacer_\" \/><\/p>\r\n\r\n<p><br class=\"spacer_\" \/><\/p>","protected":false},"excerpt":{"rendered":"<p>Horv\u00e1th Gergely Domonkos Vez\u00e9rigazgat\u00f3 \u00darnak Magyar Nemzeti Vagyonkezel\u0151 Zrt. Igazgat\u00f3s\u00e1ga 1133 Budapest Pozsonyi \u00fat 56. Tisztelt Vez\u00e9rigazgat\u00f3 \u00dar! A M\u0171csarnok kiemelked\u0151 helyet foglal el kultur\u00e1lis int\u00e9zm\u00e9nyrendszer\u00fcnkben. Ki\u00e1ll\u00edt\u00e1si programj\u00e1val, szervez\u0151tev\u00e9kenys\u00e9g\u00e9vel meghat\u00e1roz\u00f3 szerepet j\u00e1tszik a kort\u00e1rs magyar k\u00e9pz\u0151m\u0171v\u00e9szet hazai \u00e9s k\u00fclf\u00f6ldi bemutat\u00e1s\u00e1ban, illetve a nemzetk\u00f6zi m\u0171v\u00e9szeti \u00e1ramlatok magyarorsz\u00e1gi megjelen\u00edt\u00e9s\u00e9ben. \u00c9ppen ez\u00e9rt rendk\u00edv\u00fcl fontos, hogy a M\u0171csarnok Kiemelten [&hellip;]<\/p>\n","protected":false},"author":1,"featured_media":0,"parent":0,"comment_status":"open","ping_status":"open","sticky":false,"template":"","format":"standard","meta":{"_acf_changed":false,"footnotes":""},"categories":[3],"tags":[],"class_list":["post-821202","post","type-post","status-publish","format-standard","hentry","category-hirek"],"acf":[],"_links":{"self":[{"href":"https:\/\/exindex.hu\/hu\/wp-json\/wp\/v2\/posts\/821202","targetHints":{"allow":["GET"]}}],"collection":[{"href":"https:\/\/exindex.hu\/hu\/wp-json\/wp\/v2\/posts"}],"about":[{"href":"https:\/\/exindex.hu\/hu\/wp-json\/wp\/v2\/types\/post"}],"author":[{"embeddable":true,"href":"https:\/\/exindex.hu\/hu\/wp-json\/wp\/v2\/users\/1"}],"replies":[{"embeddable":true,"href":"https:\/\/exindex.hu\/hu\/wp-json\/wp\/v2\/comments?post=821202"}],"version-history":[{"count":0,"href":"https:\/\/exindex.hu\/hu\/wp-json\/wp\/v2\/posts\/821202\/revisions"}],"wp:attachment":[{"href":"https:\/\/exindex.hu\/hu\/wp-json\/wp\/v2\/media?parent=821202"}],"wp:term":[{"taxonomy":"category","embeddable":true,"href":"https:\/\/exindex.hu\/hu\/wp-json\/wp\/v2\/categories?post=821202"},{"taxonomy":"post_tag","embeddable":true,"href":"https:\/\/exindex.hu\/hu\/wp-json\/wp\/v2\/tags?post=821202"}],"curies":[{"name":"wp","href":"https:\/\/api.w.org\/{rel}","templated":true}]}}