{"id":821203,"date":"2010-12-10T14:42:11","date_gmt":"2010-12-10T13:42:11","guid":{"rendered":"https:\/\/exindex.hu\/?p=821203"},"modified":"2010-12-10T14:54:50","modified_gmt":"2010-12-10T13:54:50","slug":"nemzeti-muveszetert-alapitvany","status":"publish","type":"post","link":"https:\/\/exindex.hu\/hu\/hirek\/nemzeti-muveszetert-alapitvany\/","title":{"rendered":"Nemzeti M\u0171v\u00e9szet\u00e9rt Alap\u00edtv\u00e1ny"},"content":{"rendered":"<p><a href=\"http:\/\/nmalapitvany.tk\/index.html\" target=\"_blank\">Az Alap\u00edtv\u00e1ny honlapja<\/a><\/p>\r\n\r\n<p style=\"text-align: center;\">*<\/p>\r\n\r\n<p>Hogyan tal\u00e1lkozhat a kort\u00e1rs k\u00e9pz\u0151m\u0171v\u00e9szet a magyar nemzeti \u00e9rzelemmel?<br \/>\r\n Hogyan seg\u00edtheti a kort\u00e1rs k\u00e9pz\u0151m\u0171v\u00e9szet a magyar kult\u00fara meger\u0151s\u00f6d\u00e9s\u00e9t?<br \/>\r\n Hogyan lehet mar\u00f3 g\u00fannyal, \u00e9les kritik\u00e1val m\u00e9gis \u00e9p\u00edteni, er\u0151s\u00edteni magyarorsz\u00e1got?<\/p>\r\n\r\n<p><span class=\"style17\">A k\u00e9rd\u00e9sekre mindenki maga keresse meg a saj\u00e1t v\u00e1lasz\u00e1t, al\u00e1bb az NMA v\u00e9lem\u00e9nye olvashat\u00f3.<\/span><\/p>\r\n\r\n<p><br class=\"spacer_\" \/><\/p>\r\n\r\n<p><span style=\"font-size: xx-small;\"><span style=\"text-decoration: underline;\"><span class=\"style19\"><strong>Gondolat\u00e9breszt\u0151<\/strong><br \/>\r\n <\/span><\/span><br \/>\r\n <\/span><\/p>\r\n\r\n<p class=\"style15\"><strong><em><span style=\"font-size: xx-small;\">A kort\u00e1rs k\u00e9pz\u0151m\u0171v\u00e9szetnek kiemelt szerepe van a nemzeti \u00f6ntudat er\u0151s\u00edt\u00e9s\u00e9ben!<\/span><\/em><\/strong><\/p>\r\n\r\n<p class=\"style13\"><span style=\"font-size: xx-small;\">Nem att\u00f3l lesz valami m\u0171v\u00e9szileg relev\u00e1ns a  jelenben, mert nemzeti t\u00e9m\u00e1t dolgoz fel, magyar szimb\u00f3lumokkal oper\u00e1l,  \u00e9s piros feh\u00e9r z\u00f6ld. Att\u00f3l lesz hiteles \u00e9s mai, hogy a jelen  probl\u00e9m\u00e1ival foglalkozik, a kett\u0151 k\u00f6z\u00fcl egy harmadik utat mutatva, \u00e9s  n\u00e9ha olyan megfogalmaz\u00e1sban \u00e9s olyan eszk\u00f6z\u00f6k felhaszn\u00e1l\u00e1s\u00e1val, ami  term\u00e9szetesen nem tetszhet mindenkinek. Lehets\u00e9ges els\u0151 nekifut\u00e1sban  megbotr\u00e1nkoztat\u00f3.<\/span><\/p>\r\n\r\n<p class=\"style15\"><strong><em><span style=\"font-size: xx-small;\">Ne k\u00fclf\u00f6ldi mint\u00e1k m\u00e1sol\u00f3i, lelketlen trendk\u00f6vet\u0151k legyenek magyar m\u0171v\u00e9szeink!<\/span><\/em><\/strong><\/p>\r\n\r\n<p class=\"style13\"><span style=\"font-size: xx-small;\">A vil\u00e1g folyamatosan fejl\u0151dik, vele egy\u00fctt a  m\u0171v\u00e9szet is. \u00d6nbecsap\u00e1s lenne, fejl\u0151d\u00e9sk\u00e9ptelens\u00e9g, ha figyelmen k\u00edv\u00fcl  hagyn\u00e1nk az elm\u00falt \u00e9vtizedek m\u0171v\u00e9szett\u00f6rt\u00e9net\u00e9ben bek\u00f6vetkezett  v\u00e1ltoz\u00e1sokat, melyek ha akarjuk ha nem, visszasziv\u00e1rogva a jelenbe,  mindennapjaink vizualit\u00e1s\u00e1ba, hat\u00e1ssal vannak r\u00e1nk. Mi\u00e9rt nem vessz\u00fck  els\u0151k\u00e9zb\u0151l az ad\u00e1st? Mi\u00e9rt kellene \u00e9vtizedeket v\u00e1rni, hogy valaki  feldolgozza \u00e9s \u00fczletet csin\u00e1ljon bel\u0151le? Mi\u00e9rt lemaradni?<\/span><\/p>\r\n\r\n<p class=\"style15\"><strong><em><span style=\"font-size: xx-small;\">Att\u00f3l, hogy valami m\u0171v\u00e9szet, \u00e9s magyar, m\u00e9g nem lesz kort\u00e1rs!<\/span><\/em><\/strong><\/p>\r\n\r\n<p class=\"style13\"><span style=\"font-size: xx-small;\">Nem csak a sz\u00e9p, realista fest\u00e9szet \u00e9s a  hagyom\u00e1nytisztel\u0151 mot\u00edvumok feldolgoz\u00e1sai alkalmasak a szebb j\u00f6v\u0151be  mutat\u00f3 tartalmak, gondolat\u00e9breszt\u0151 \u00f6sszef\u00fcgg\u00e9sek k\u00f6zl\u00e9s\u00e9re, \u00e1tvitel\u00e9re.  Vannak dolgok melyekkel csak a kort\u00e1rs k\u00e9pz\u0151m\u0171v\u00e9szeten kereszt\u00fcl lehet  kapcsolatba l\u00e9pni. Vannak dolgok melyekhez csak a kort\u00e1rs  k\u00e9pz\u0151m\u0171v\u00e9szeten kereszt\u00fcl lehet hozz\u00e1ny\u00falni, a bemocskol\u00f3d\u00e1s \u00e9s a  k\u00e1rokoz\u00e1s vesz\u00e9lye n\u00e9lk\u00fcl. A m\u0171v\u00e9sz felfedez\u0151, n\u00e9ha \u00e1tl\u00e9pheti a kijel\u00f6lt  korl\u00e1tokat szab\u00e1lyokat, ezzel is er\u0151s\u00edtve azokat. Ezzel a m\u00f3dszerrel  p\u00e9ld\u00e1ul olyan dolgokra ir\u00e1ny\u00edthat figyelmet, melyeket mindennapjainkba  feledkezve \u00e9szre sem venn\u00e9nk, \u00e9szre se tudunk venni.<\/span><\/p>\r\n\r\n<p class=\"style15\"><strong><em><span style=\"font-size: xx-small;\">A kort\u00e1rs k\u00e9pz\u0151m\u0171v\u00e9szet a fejl\u0151d\u00e9st, a j\u0151v\u0151t  k\u00e9pviseli, el\u0151re tekint a m\u00falt tudom\u00e1sulv\u00e9tel\u00e9vel &#8211; de nem  figyelmenk\u00edv\u00fcl hagy\u00e1s\u00e1val &#8211; nem vissza!<\/span><\/em><\/strong><\/p>\r\n\r\n<p class=\"style13\"><span style=\"font-size: xx-small;\">A kort\u00e1rs k\u00e9pz\u0151m\u0171v\u00e9szet legyen szabad, m\u0171k\u00f6dj\u00f6n  szelepk\u00e9nt, legyen a t\u00e1rsadalom \u00f6nkritik\u00e1ja. Mint k\u00e9t\u00e9l\u0171 kard, a  giccst\u0151l \u00e9s a k\u00f6zhelyekt\u0151l t\u00e1vol maradva, figyelmeztessen mindenkit  olyan \u00f6sszef\u00fcgg\u00e9sek vizu\u00e1lis feldolgoz\u00e1s\u00e1val, melyek tal\u00e1n egy j\u0151v\u0151be  mutat\u00f3, a jelenben keletkezett el\u0151rel\u00e1tott, lehets\u00e9ges eredm\u00e9nyei.<\/span><\/p>\r\n\r\n<p class=\"style15\"><em><strong><span style=\"font-size: xx-small;\">Kort\u00e1rs k\u00e9pz\u0151m\u0171v\u00e9szet n\u00e9lk\u00fcl nincs j\u00f6v\u0151!<\/span><\/strong><\/em><\/p>\r\n\r\n<p><span style=\"font-size: xx-small;\">Vegy\u00fck komolyan ezt, gondolkozzunk el mit takar  az egy\u00e9bk\u00e9nt tal\u00e1n els\u0151re n\u00e9ha \u00e9rthetetlen, \u00e9rtelmetlennek t\u0171n\u0151,  felh\u00e1bor\u00edt\u00f3 felsz\u00edn. Elgondolkodtat? <br \/>\r\n Mert ha igen a v\u00e1lasz, akkor a k\u00f6vetkez\u0151 k\u00e9rd\u00e9seket ak\u00e1r fel sem kell tenni: <br \/>\r\n Mi\u00e9rt h\u00e1bor\u00edt fel? \u00c1rt nekem ezzel? \u00c1rt ezzel valakinek? Tal\u00e1n haszn\u00e1l?<br \/>\r\n Ha m\u00e9gis, akkor \u00e9rdemes megv\u00e1laszolni \u0151ket, sz\u00edvb\u0151l,  intelligensen, logikusan, nem csak egyszer\u0171 felsz\u00ednes indulatb\u00f3l,  korl\u00e1tolts\u00e1gb\u00f3l.<\/span><\/p>\r\n\r\n<p><span style=\"font-size: xx-small;\">A szebb j\u00f6v\u0151 f\u00e9ny\u00e9ben.<\/span><\/p>\r\n\r\n<p style=\"text-align: center;\">*<\/p>\r\n\r\n<p>A <em>Felkaroland\u00f3, Felejthet\u0151, Felejtend\u0151<\/em> ki\u00e1ll\u00edt\u00e1s dokument\u00e1ci\u00f3ja<a href=\"http:\/\/nmalapitvany.tk\/fff.html\" target=\"_blank\"> itt.<\/a><\/p>","protected":false},"excerpt":{"rendered":"<p>Az Alap\u00edtv\u00e1ny honlapja * Hogyan tal\u00e1lkozhat a kort\u00e1rs k\u00e9pz\u0151m\u0171v\u00e9szet a magyar nemzeti \u00e9rzelemmel? Hogyan seg\u00edtheti a kort\u00e1rs k\u00e9pz\u0151m\u0171v\u00e9szet a magyar kult\u00fara meger\u0151s\u00f6d\u00e9s\u00e9t? Hogyan lehet mar\u00f3 g\u00fannyal, \u00e9les kritik\u00e1val m\u00e9gis \u00e9p\u00edteni, er\u0151s\u00edteni magyarorsz\u00e1got? A k\u00e9rd\u00e9sekre mindenki maga keresse meg a saj\u00e1t v\u00e1lasz\u00e1t, al\u00e1bb az NMA v\u00e9lem\u00e9nye olvashat\u00f3. Gondolat\u00e9breszt\u0151 A kort\u00e1rs k\u00e9pz\u0151m\u0171v\u00e9szetnek kiemelt szerepe van a nemzeti [&hellip;]<\/p>\n","protected":false},"author":1,"featured_media":0,"parent":0,"comment_status":"open","ping_status":"open","sticky":false,"template":"","format":"standard","meta":{"_acf_changed":false,"footnotes":""},"categories":[3],"tags":[],"class_list":["post-821203","post","type-post","status-publish","format-standard","hentry","category-hirek"],"acf":[],"_links":{"self":[{"href":"https:\/\/exindex.hu\/hu\/wp-json\/wp\/v2\/posts\/821203","targetHints":{"allow":["GET"]}}],"collection":[{"href":"https:\/\/exindex.hu\/hu\/wp-json\/wp\/v2\/posts"}],"about":[{"href":"https:\/\/exindex.hu\/hu\/wp-json\/wp\/v2\/types\/post"}],"author":[{"embeddable":true,"href":"https:\/\/exindex.hu\/hu\/wp-json\/wp\/v2\/users\/1"}],"replies":[{"embeddable":true,"href":"https:\/\/exindex.hu\/hu\/wp-json\/wp\/v2\/comments?post=821203"}],"version-history":[{"count":0,"href":"https:\/\/exindex.hu\/hu\/wp-json\/wp\/v2\/posts\/821203\/revisions"}],"wp:attachment":[{"href":"https:\/\/exindex.hu\/hu\/wp-json\/wp\/v2\/media?parent=821203"}],"wp:term":[{"taxonomy":"category","embeddable":true,"href":"https:\/\/exindex.hu\/hu\/wp-json\/wp\/v2\/categories?post=821203"},{"taxonomy":"post_tag","embeddable":true,"href":"https:\/\/exindex.hu\/hu\/wp-json\/wp\/v2\/tags?post=821203"}],"curies":[{"name":"wp","href":"https:\/\/api.w.org\/{rel}","templated":true}]}}