{"id":821205,"date":"2010-12-09T15:38:05","date_gmt":"2010-12-09T14:38:05","guid":{"rendered":"https:\/\/exindex.hu\/?p=821205"},"modified":"2010-12-13T15:42:46","modified_gmt":"2010-12-13T14:42:46","slug":"targyalast-kezdemenyeztek-az-iroszervezetek","status":"publish","type":"post","link":"https:\/\/exindex.hu\/hu\/hirek\/targyalast-kezdemenyeztek-az-iroszervezetek\/","title":{"rendered":"T\u00e1rgyal\u00e1st kezdem\u00e9nyeztek az \u00edr\u00f3szervezetek"},"content":{"rendered":"<p>A magyar \u00edr\u00f3szervezetek (Magyar \u00cdr\u00f3sz\u00f6vets\u00e9g, Sz\u00e9p\u00edr\u00f3k T\u00e1rsas\u00e1ga, FISZ,  JAK) k\u00e9pvisel\u0151i a MAOE kezdem\u00e9nyez\u00e9s\u00e9re a magyar irodalmi kult\u00fara  megv\u00e9d\u00e9se \u00e9s \u00e1pol\u00e1sa jegy\u00e9ben p\u00e1rbesz\u00e9det szeretn\u00e9nek ind\u00edtani a 2010  tavaszi v\u00e1laszt\u00e1s ut\u00e1n megalakult kultur\u00e1lis korm\u00e1nyzattal.<\/p>\r\n\r\n<p>Az \u00e1ll\u00e1sfoglal\u00e1s sz\u00f6vege:<\/p>\r\n\r\n<p>Az irodalmat  az anyanyelvi kult\u00fara \u00e9s m\u0171vel\u0151d\u00e9s egyik legfontosabb jelens\u00e9g\u00e9nek  tekintj\u00fck, ez\u00e9rt meg\u00edt\u00e9l\u00e9s\u00fcnk szerint az \u00e1llam nem mondhat le az  irodalom vil\u00e1g\u00e1nak t\u00e1mogat\u00e1s\u00e1r\u00f3l.<\/p>\r\n\r\n<p>A p\u00e1rbesz\u00e9dnek az al\u00e1bbi ter\u00fcletek \u00e1ttekint\u00e9s\u00e9t kell \u00e9rintenie:<\/p>\r\n\r\n<p><strong>I. Az \u00edr\u00f3k helyzete (szakmai, egzisztenci\u00e1lis)<\/strong><\/p>\r\n\r\n<p>\u2014 Ad\u00f3kedvezm\u00e9ny biztos\u00edt\u00e1sa a m\u0171v\u00e9szeti  alkot\u00f3tev\u00e9kenys\u00e9g elnevez\u00e9s\u0171 tev\u00e9kenys\u00e9gre. Ezen a ter\u00fcleten megoldand\u00f3  feladatk\u00e9nt jelentkezik, hogy ne csak a sz\u00e1ml\u00e1s kifizet\u00e9sek kapcs\u00e1n,  hanem a sz\u00e1ml\u00e1val nem rendelkez\u0151 mag\u00e1nszem\u00e9lyeknek val\u00f3 kifizet\u00e9sek  kapcs\u00e1n is \u00e9rv\u00e9nyes\u00fclj\u00f6n a kedvezm\u00e9nyes ad\u00f3z\u00e1s elve.<\/p>\r\n\r\n<p>\u2014 Azok az \u00e1llami d\u00edjjal \u2014 pl.  k\u00f6z\u00e9pd\u00edjjal, bab\u00e9rkoszor\u00faval stb. \u2014 rendelkez\u0151 m\u0171v\u00e9szek, akik nem kapnak  rendszeres havi \u00e1llami t\u00e1mogat\u00e1st, mint pl. az olimpiai bajnokok vagy a  digit\u00e1lis irodalmi akad\u00e9mia tagjai, kaphassanak \u00f6regs\u00e9gi  nyugd\u00edj-kieg\u00e9sz\u00edt\u00e9st, p\u00e9ld\u00e1ul a bab\u00e9rkoszor\u00fas \u00edr\u00f3k az \u00f6regs\u00e9gi nyugd\u00edj  mell\u00e9 a minim\u00e1l nyugd\u00edj 25 sz\u00e1zal\u00e9k\u00e1t. Meg\u00edt\u00e9l\u00e9s\u00fcnk szerint ezt a  gyakorlatot valamennyi m\u0171v\u00e9szeti ter\u00fcleten be kell vezetni.A r\u00e1szorul\u00f3  alkot\u00f3k sz\u00e1m\u00e1ra biztos\u00edtani kell a seg\u00e9lyek ny\u00fajt\u00e1s\u00e1nak lehet\u0151s\u00e9g\u00e9t a  megl\u00e9v\u0151 m\u0171v\u00e9szeti int\u00e9zm\u00e9nyrendszeren bel\u00fcl.<\/p>\r\n\r\n<p>\u2014 Az \u00e1llami k\u00f6z\u00e9pd\u00edjakkal j\u00e1r\u00f3 p\u00e9nz  megal\u00e1z\u00f3an alacsony. A d\u00edjak \u00e9s \u00f6szt\u00f6nd\u00edjak legyenek ad\u00f3mentesek.  \u00c9rdemes egy-egy szakter\u00fclet d\u00edjait tov\u00e1bb differenci\u00e1lni, a fiatal \u00edr\u00f3k  sz\u00e1m\u00e1ra javasoljuk egy \u00faj d\u00edj l\u00e9trehoz\u00e1s\u00e1t. Az oda\u00edt\u00e9lend\u0151 k\u00f6z\u00e9pd\u00edjak  sz\u00e1m\u00e1t \u2014 a preszt\u00edzsn\u00f6vel\u00e9s \u00e9rdek\u00e9ben \u2014 cs\u00f6kkenteni kell, a d\u00edjat  oda\u00edt\u00e9l\u0151 kurat\u00f3rium m\u0171k\u00f6d\u00e9s\u00e9t a rendeletben pontosan kell szab\u00e1lyozni.<\/p>\r\n\r\n<p><strong>II. Az \u00edr\u00f3szervezetek m\u0171k\u00f6d\u00e9se, kapcsolatrendszere<\/strong><\/p>\r\n\r\n<p>\u2014 Biztos\u00edtani kell a magyar irodalom  nemzetk\u00f6zi kapcsolatrendszer\u00e9t. Ma az \u00edr\u00f3k t\u00e1mogat\u00e1ssal, \u00f6szt\u00f6nd\u00edjjal  alig utazhatnak k\u00fclf\u00f6ldre. A megl\u00e9v\u0151n\u00e9l j\u00f3val nagyobb m\u00e9rt\u00e9kben  t\u00e1mogatni kell a magyar irodalom idegen nyelvekre val\u00f3 leford\u00edt\u00e1s\u00e1t,  erre a c\u00e9lra k\u00fcl\u00f6n alapot kell l\u00e9trehozni.<\/p>\r\n\r\n<p>\u2014 A film- \u00e9s sz\u00ednh\u00e1zi t\u00f6rv\u00e9nyhez  hasonl\u00f3an sz\u00fcks\u00e9ges az irodalom ter\u00fclet\u00e9hez k\u00f6t\u0151d\u0151 t\u00f6rv\u00e9ny l\u00e9trehoz\u00e1sa.  Ennek a t\u00f6rv\u00e9nynek kell biztos\u00edtania az irodalmi int\u00e9zm\u00e9nyrendszer jog  szerinti m\u0171k\u00f6d\u00e9s\u00e9t. A t\u00f6rv\u00e9nyben k\u00fcl\u00f6n ki kell t\u00e9rni arra, hogy a  k\u00fcl\u00f6nb\u00f6z\u0151 gazdas\u00e1gi t\u00e1rsas\u00e1gok, v\u00e1llalkoz\u00e1sok, mag\u00e1nszem\u00e9lyek  ad\u00f3kedvezm\u00e9nyt kaphassanak az irodalom t\u00e1mogat\u00e1sa ut\u00e1n. Biztos\u00edtani kell  a rangos \u00edr\u00f3szervezetek hossz\u00fa t\u00e1v\u00fa, nem p\u00e1ly\u00e1zatokhoz k\u00f6t\u00f6tt  m\u0171k\u00f6dtet\u00e9s\u00e9t.<\/p>\r\n\r\n<p>\u2014 Az irodalmi szervezeteknek a  miniszt\u00e9riummal megegyez\u00e9sre kell jutniuk abban, hogy mely szervezetek  milyen szinten vegyenek r\u00e9szt a d\u00edjakra, kit\u00fcntet\u00e9sekre vonatkoz\u00f3  javaslatok kidolgoz\u00e1s\u00e1ban \u00e9s a k\u00fcl\u00f6nb\u00f6z\u0151 szakmai koll\u00e9giumok munk\u00e1j\u00e1ban.<\/p>\r\n\r\n<p><strong>III. A foly\u00f3iratok helyzete<\/strong><\/p>\r\n\r\n<p>\u2014 Az irodalmi int\u00e9zm\u00e9nyrendszer  fenntart\u00e1s\u00e1nak, m\u0171k\u00f6dtet\u00e9s\u00e9nek \u00fajragondol\u00e1sa sor\u00e1n megk\u00fcl\u00f6nb\u00f6ztetett  gonddal figyelni kell a meghat\u00e1roz\u00f3 jelent\u0151s\u00e9g\u0171 foly\u00f3iratok  l\u00e9thelyzet\u00e9nek jav\u00edt\u00e1s\u00e1ra, ezen bel\u00fcl a 2009-ben indult hossz\u00fa t\u00e1v\u00fa  t\u00e1mogat\u00e1si rendszer tov\u00e1bb\u00e9p\u00edt\u00e9s\u00e9re az NKA-n bel\u00fcl. Alapelvk\u00e9nt el kell  fogadni, hogy a foly\u00f3iratok szinte p\u00e9ld\u00e1nysz\u00e1mukt\u00f3l f\u00fcggetlen\u00fcl a  szellemi \u00e9let legfontosabb elemei, a szellemi \u00e9let val\u00f3j\u00e1ban a  foly\u00f3iratokban \u00e9s azokon kereszt\u00fcl zajlik.<\/p>\r\n\r\n<p>\u2014 A nyilv\u00e1noss\u00e1g szerkezet\u00e9nek  megv\u00e1ltoz\u00e1s\u00e1hoz k\u00f6t\u0151d\u0151en az \u00e1llami t\u00e1mogat\u00e1si rendszerben (NKA) l\u00e9tre  kell hozni egy internetes szakkoll\u00e9giumot, amely az internetes m\u0171v\u00e9szeti  szakport\u00e1lokat \u00e9s t\u00f6bb m\u0171v\u00e9szeti \u00e1ggal foglalkoz\u00f3 port\u00e1lokat k\u00eds\u00e9ri  figyelemmel, s t\u00e1mogat\u00e1sban r\u00e9szes\u00edti \u0151ket.<\/p>\r\n\r\n<p><strong>IV. A k\u00f6nyvkiad\u00e1s helyzete<\/strong><\/p>\r\n\r\n<p>\u2014 Az NKA keret\u00e9n bel\u00fcl n\u00f6velni kell a  k\u00e9t- vagy h\u00e1rom\u00e9ves programok ar\u00e1ny\u00e1t, mert a jelenlegi strukt\u00fara nem  biztos\u00edtja a tervezhet\u0151s\u00e9get, \u00e9s az elm\u00e9ly\u00fclt szakmai munk\u00e1t sem seg\u00edti  az \u00e1lland\u00f3 p\u00e1ly\u00e1z\u00e1si k\u00e9nyszer.<\/p>\r\n\r\n<p>\u2014 Az idegen nyelv\u0171 kiad\u00e1sok t\u00e1mogat\u00e1s\u00e1nak a forr\u00e1s\u00e1t meg kell n\u00f6velni, s \u00f6n\u00e1ll\u00f3 programirodak\u00e9nt kell m\u0171k\u00f6dtetni.<\/p>\r\n\r\n<p>\u2014 Szab\u00e1lyozni kell a ter\u00fclet  kereskedelm\u00e9t, sz\u00e9t kell v\u00e1lasztani a k\u00f6nyvkiad\u00e1st \u00e9s a  k\u00f6nyvkereskedelmet, a versenyjog idev\u00e1g\u00f3 szab\u00e1lyait is \u00fajra kell  gondolni.<\/p>\r\n\r\n<p>\u2014 Az Ideiglenes M\u00e1rai Program strukt\u00far\u00e1j\u00e1nak v\u00e9gleges\u00edt\u00e9s\u00e9be \u00e9s majdani munk\u00e1j\u00e1ba az \u00edr\u00f3szervezeteteket be kell vonni.<\/p>\r\n\r\n<p><strong>V. M\u00e9dia<\/strong><\/p>\r\n\r\n<p>A jelenlegin\u00e9l j\u00f3val nagyobb ar\u00e1nyban biztos\u00edtani kell a kort\u00e1rs irodalom \u00e9s alkot\u00f3m\u0171v\u00e9szet jelenl\u00e9t\u00e9t a k\u00f6zm\u00e9di\u00e1ban.<\/p>\r\n\r\n<p><strong>VI. Oktat\u00e1s \u00e9s a kort\u00e1rs irodalom helyzete, kapcsolata<\/strong><\/p>\r\n\r\n<p>Rendezv\u00e9nyek szervez\u00e9se, irodalmi  fesztiv\u00e1lok k\u00f6z\u00e9piskol\u00e1soknak, irodalmi t\u00e1borok, rendszeres rendhagy\u00f3  irodalom\u00f3r\u00e1k vid\u00e9ken is. K\u00fcl\u00f6n feladatk\u00e9nt kell gondoskodni az olvas\u00f3v\u00e1  nevel\u00e9s ter\u00fclet\u00e9r\u0151l, ez csak az anyanyelv\u0171 irodalomhoz k\u00f6t\u0151d\u0151en mehet  v\u00e9gbe.<\/p>\r\n\r\n<p><strong>Javasoljuk, hogy az \u00e9rdekegyeztet\u0151 t\u00e1rgyal\u00e1sra \u00e9s a jelen tervezet kibont\u00e1s\u00e1ra a k\u00f6vetkez\u0151 szervezeteket h\u00edvj\u00e1k meg: <\/strong><\/p>\r\n\r\n<p>Dr\u00e1ma\u00edr\u00f3k Kerekasztala, Erd\u00e9lyi Magyar  \u00cdr\u00f3k Lig\u00e1ja (EMIL), Fiatal \u00cdr\u00f3k Sz\u00f6vets\u00e9ge (FISZ), FOKUSZ Egyes\u00fclet,  K\u00e1rp\u00e1taljai Magyar M\u0171vel\u0151d\u00e9si Int\u00e9zet, K\u00f6nyves Sz\u00f6vets\u00e9g, IBBY &#8211;  Gyermekk\u00f6nyvek Nemzetk\u00f6zi Tan\u00e1cs\u00e1nak Magyar Egyes\u00fclete, \u00cdr\u00f3k  Szakszervezete, J\u00f3zsef Attila K\u00f6r Irodalmi Egyes\u00fclet (JAK), Magyar \u00cdr\u00f3k  Egyes\u00fclete, Magyar \u00cdr\u00f3sz\u00f6vets\u00e9g, Magyar Alkot\u00f3m\u0171v\u00e9szek Orsz\u00e1gos  Egyes\u00fclete Irodalmi Tagozat (MAOE), Magyar Irodalmi Szerz\u0151i Jogv\u00e9d\u0151 \u00e9s  Jogkezel\u0151 Egyes\u00fclete (MISZJE), Magyar Irodalomt\u00f6rt\u00e9neti T\u00e1rsas\u00e1g, Magyar  K\u00f6nyvkiad\u00f3k \u00e9s K\u00f6nyvterjeszt\u0151k Egyes\u00fclete, Magyar M\u0171ford\u00edt\u00f3k  Egyes\u00fclete, Magyar M\u0171v\u00e9szeti Akad\u00e9mia, Pen Klub, Sz\u00e9chenyi M\u0171v\u00e9szeti  Akad\u00e9mia, Sz\u00e9p\u00edr\u00f3k T\u00e1rsas\u00e1ga, Szlov\u00e1kiai Magyar \u00cdr\u00f3k T\u00e1rsas\u00e1ga (SZM\u00cdT),  Vajdas\u00e1gi \u00cdr\u00f3k Egyes\u00fclete.<\/p>\r\n\r\n<p>Budapest, 2010. okt\u00f3ber 20.<\/p>\r\n\r\n<p>Balogh Endre<br \/>\r\n a J\u00f3zsef Attila K\u00f6r eln\u00f6ke<\/p>\r\n\r\n<p>Bednanics G\u00e1bor<br \/>\r\n a Fiatal \u00cdr\u00f3k sz\u00f6vets\u00e9g\u00e9nek eln\u00f6ke<\/p>\r\n\r\n<p>Csapl\u00e1r Vilmos<br \/>\r\n a Sz\u00e9p\u00edr\u00f3k T\u00e1rsas\u00e1g\u00e1nak eln\u00f6ke<\/p>\r\n\r\n<p>F\u00fczi L\u00e1szl\u00f3<br \/>\r\n a MAOE Irodalmi Tagozat\u00e1nak eln\u00f6ke<\/p>\r\n\r\n<p>Vasy G\u00e9za<br \/>\r\n a Magyar \u00cdr\u00f3sz\u00f6vets\u00e9g eln\u00f6ke<\/p>\r\n\r\n<p>(forr\u00e1s: <a href=\"http:\/\/jozsefattilakor.hu\/index.php?submenu=welcome&amp;id=451&amp;details=1&amp;cat=1\" target=\"_blank\">http:\/\/jozsefattilakor.hu\/<\/a>)<\/p>","protected":false},"excerpt":{"rendered":"<p>A magyar \u00edr\u00f3szervezetek (Magyar \u00cdr\u00f3sz\u00f6vets\u00e9g, Sz\u00e9p\u00edr\u00f3k T\u00e1rsas\u00e1ga, FISZ, JAK) k\u00e9pvisel\u0151i a MAOE kezdem\u00e9nyez\u00e9s\u00e9re a magyar irodalmi kult\u00fara megv\u00e9d\u00e9se \u00e9s \u00e1pol\u00e1sa jegy\u00e9ben p\u00e1rbesz\u00e9det szeretn\u00e9nek ind\u00edtani a 2010 tavaszi v\u00e1laszt\u00e1s ut\u00e1n megalakult kultur\u00e1lis korm\u00e1nyzattal. Az \u00e1ll\u00e1sfoglal\u00e1s sz\u00f6vege: Az irodalmat az anyanyelvi kult\u00fara \u00e9s m\u0171vel\u0151d\u00e9s egyik legfontosabb jelens\u00e9g\u00e9nek tekintj\u00fck, ez\u00e9rt meg\u00edt\u00e9l\u00e9s\u00fcnk szerint az \u00e1llam nem mondhat le az [&hellip;]<\/p>\n","protected":false},"author":1,"featured_media":0,"parent":0,"comment_status":"open","ping_status":"open","sticky":false,"template":"","format":"standard","meta":{"_acf_changed":false,"footnotes":""},"categories":[3],"tags":[],"class_list":["post-821205","post","type-post","status-publish","format-standard","hentry","category-hirek"],"acf":[],"_links":{"self":[{"href":"https:\/\/exindex.hu\/hu\/wp-json\/wp\/v2\/posts\/821205","targetHints":{"allow":["GET"]}}],"collection":[{"href":"https:\/\/exindex.hu\/hu\/wp-json\/wp\/v2\/posts"}],"about":[{"href":"https:\/\/exindex.hu\/hu\/wp-json\/wp\/v2\/types\/post"}],"author":[{"embeddable":true,"href":"https:\/\/exindex.hu\/hu\/wp-json\/wp\/v2\/users\/1"}],"replies":[{"embeddable":true,"href":"https:\/\/exindex.hu\/hu\/wp-json\/wp\/v2\/comments?post=821205"}],"version-history":[{"count":0,"href":"https:\/\/exindex.hu\/hu\/wp-json\/wp\/v2\/posts\/821205\/revisions"}],"wp:attachment":[{"href":"https:\/\/exindex.hu\/hu\/wp-json\/wp\/v2\/media?parent=821205"}],"wp:term":[{"taxonomy":"category","embeddable":true,"href":"https:\/\/exindex.hu\/hu\/wp-json\/wp\/v2\/categories?post=821205"},{"taxonomy":"post_tag","embeddable":true,"href":"https:\/\/exindex.hu\/hu\/wp-json\/wp\/v2\/tags?post=821205"}],"curies":[{"name":"wp","href":"https:\/\/api.w.org\/{rel}","templated":true}]}}