{"id":821206,"date":"2010-12-09T00:13:54","date_gmt":"2010-12-08T23:13:54","guid":{"rendered":"https:\/\/exindex.hu\/?p=821206"},"modified":"2010-12-14T00:16:34","modified_gmt":"2010-12-13T23:16:34","slug":"herczeg-klara-dij-2010","status":"publish","type":"post","link":"https:\/\/exindex.hu\/hu\/hirek\/herczeg-klara-dij-2010\/","title":{"rendered":"Herczeg Kl\u00e1ra-d\u00edj 2010"},"content":{"rendered":"<p>Hercegh Kl\u00e1ra szobr\u00e1szm\u0171v\u00e9sz v\u00e9grendelet\u00e9ben a p\u00e1lyakezd\u0151 m\u0171v\u00e9szek  t\u00e1mogat\u00e1s\u00e1nak sz\u00e1nd\u00e9k\u00e1val a Fiatal K\u00e9pz\u0151m\u0171v\u00e9szek St\u00fadi\u00f3ja Egyes\u00fcletet az  \u00f6r\u00f6ks\u00e9g r\u00e9szes\u00e9v\u00e9 tette.<\/p>\r\n\r\n<p>Az FKSE Kurat\u00f3riuma \u00fagy d\u00f6nt\u00f6tt, hogy egy &#8211; az \u00f6r\u00f6ks\u00e9ghagy\u00f3r\u00f3l  elnevezett &#8211; d\u00edjat alap\u00edt, amelyet minden \u00e9vben az FKSE vezet\u0151s\u00e9ge \u00e1ltal  kiv\u00e1lasztott k\u00e9pz\u0151muv\u00e9sz kap majd meg, ami a d\u00edj junior fokozat\u00e1t adja.<\/p>\r\n\r\n<p>Herczeg Kl\u00e1ra mindig fontosnak tartotta az id\u0151s \u00e9s fiatal gener\u00e1ci\u00f3k  egym\u00e1shoz val\u00f3 k\u00f6zeled\u00e9s\u00e9t. Ez\u00e9rt a hagyat\u00e9k kezel\u0151je (Dr. Sz\u00e9kely  \u00c1d\u00e1mn\u00e9 Dr. Sz\u0171cs Ildik\u00f3) \u00fagy d\u00f6nt\u00f6tt, hogy az FKSE-re test\u00e1lja \u00e1t a  feladatot, hogy a Herczeg Kl\u00e1ra-d\u00edj senior fokozat\u00e1t gondozza.<\/p>\r\n\r\n<p>2010-ben a Herczeg Kl\u00e1ra-d\u00edj senior fokozat\u00e1ra V\u00e1rnagy Tibor tett  aj\u00e1nl\u00e1st, akit az FKSE vezet\u0151s\u00e9ge k\u00e9rt fel erre a feladatra. V\u00e1rnagy  Tibor aj\u00e1nl\u00e1sa alapj\u00e1n a Fiatal K\u00e9pz\u0151m\u0171v\u00e9szek St\u00fadi\u00f3ja Alap\u00edtv\u00e1ny  kurat\u00f3riuma <strong>Medve Andr\u00e1s<\/strong>t v\u00e1lasztotta a Herczeg Kl\u00e1ra d\u00edj senior  fokozat\u00e1ra. A Fiatal K\u00e9pz\u0151m\u0171v\u00e9szek St\u00fadi\u00f3ja Egyes\u00fclet vezet\u0151s\u00e9ge a d\u00edj  junior fokozat\u00e1t <strong>Horv\u00e1th Tibor<\/strong>nak \u00edt\u00e9lte.<\/p>\r\n\r\n<p>Kor\u00e1bban Herczeg Kl\u00e1ra-d\u00edjban r\u00e9szes\u00fclt m\u0171v\u00e9szek:<\/p>\r\n\r\n<p>2009. feLugossy L\u00e1szl\u00f3 &#8211; Sz\u00f6r\u00e9nyi Beatrix<br \/>\r\n 2008. K\u00f6r\u00f6s\u00e9nyi Tam\u00e1s &#8211; M\u00e9cs Mikl\u00f3s \u00e9s Fischer Judit (SZAF)<br \/>\r\n 2007. St. Auby Tam\u00e1s &#8211; Gr\u00f3f Ferenc (Societ\u00e9 Realiste)<br \/>\r\n 2006. Szikora Tam\u00e1s &#8211; Tibor Zsolt<br \/>\r\n 2005. T\u00fcrk P\u00e9ter &#8211; L\u00f3r\u00e1nt Anik\u00f3<br \/>\r\n 2004. Lantos Ferenc &#8211; Galbovy Attila \/ P\u00e9li Barna<br \/>\r\n 2003. Deim P\u00e1l &#8211; Sz\u00e1sz Gy\u00f6rgy<br \/>\r\n 2002. Major J\u00e1nos &#8211; Kokesch \u00c1d\u00e1m<br \/>\r\n 2001. Kaj\u00e1n Tibor &#8211; Bencz\u00far Emese<br \/>\r\n 2000. Gyarmathy Tiham\u00e9r &#8211; Kir\u00e1ly Andr\u00e1s<br \/>\r\n 1999. Lossonczy Tam\u00e1s &#8211; Schneemeier Andrea<br \/>\r\n 1998. Papp Oszk\u00e1r &#8211; W\u00e4chter D\u00e9nes<\/p>","protected":false},"excerpt":{"rendered":"<p>Hercegh Kl\u00e1ra szobr\u00e1szm\u0171v\u00e9sz v\u00e9grendelet\u00e9ben a p\u00e1lyakezd\u0151 m\u0171v\u00e9szek t\u00e1mogat\u00e1s\u00e1nak sz\u00e1nd\u00e9k\u00e1val a Fiatal K\u00e9pz\u0151m\u0171v\u00e9szek St\u00fadi\u00f3ja Egyes\u00fcletet az \u00f6r\u00f6ks\u00e9g r\u00e9szes\u00e9v\u00e9 tette. Az FKSE Kurat\u00f3riuma \u00fagy d\u00f6nt\u00f6tt, hogy egy &#8211; az \u00f6r\u00f6ks\u00e9ghagy\u00f3r\u00f3l elnevezett &#8211; d\u00edjat alap\u00edt, amelyet minden \u00e9vben az FKSE vezet\u0151s\u00e9ge \u00e1ltal kiv\u00e1lasztott k\u00e9pz\u0151muv\u00e9sz kap majd meg, ami a d\u00edj junior fokozat\u00e1t adja. Herczeg Kl\u00e1ra mindig fontosnak tartotta [&hellip;]<\/p>\n","protected":false},"author":1,"featured_media":0,"parent":0,"comment_status":"open","ping_status":"open","sticky":false,"template":"","format":"standard","meta":{"_acf_changed":false,"footnotes":""},"categories":[3],"tags":[],"class_list":["post-821206","post","type-post","status-publish","format-standard","hentry","category-hirek"],"acf":[],"_links":{"self":[{"href":"https:\/\/exindex.hu\/hu\/wp-json\/wp\/v2\/posts\/821206","targetHints":{"allow":["GET"]}}],"collection":[{"href":"https:\/\/exindex.hu\/hu\/wp-json\/wp\/v2\/posts"}],"about":[{"href":"https:\/\/exindex.hu\/hu\/wp-json\/wp\/v2\/types\/post"}],"author":[{"embeddable":true,"href":"https:\/\/exindex.hu\/hu\/wp-json\/wp\/v2\/users\/1"}],"replies":[{"embeddable":true,"href":"https:\/\/exindex.hu\/hu\/wp-json\/wp\/v2\/comments?post=821206"}],"version-history":[{"count":0,"href":"https:\/\/exindex.hu\/hu\/wp-json\/wp\/v2\/posts\/821206\/revisions"}],"wp:attachment":[{"href":"https:\/\/exindex.hu\/hu\/wp-json\/wp\/v2\/media?parent=821206"}],"wp:term":[{"taxonomy":"category","embeddable":true,"href":"https:\/\/exindex.hu\/hu\/wp-json\/wp\/v2\/categories?post=821206"},{"taxonomy":"post_tag","embeddable":true,"href":"https:\/\/exindex.hu\/hu\/wp-json\/wp\/v2\/tags?post=821206"}],"curies":[{"name":"wp","href":"https:\/\/api.w.org\/{rel}","templated":true}]}}