{"id":821210,"date":"2010-12-23T18:34:29","date_gmt":"2010-12-23T17:34:29","guid":{"rendered":"https:\/\/exindex.hu\/?p=821210"},"modified":"2010-12-23T18:34:29","modified_gmt":"2010-12-23T17:34:29","slug":"fenesztra","status":"publish","type":"post","link":"https:\/\/exindex.hu\/hu\/hirek\/fenesztra\/","title":{"rendered":"Fenesztra"},"content":{"rendered":"<p><a href=\"http:\/\/fenesztra.blog.hu\/\" target=\"_blank\">http:\/\/fenesztra.blog.hu\/<\/a><\/p>\r\n\r\n<p>A Fenesztra a Perim\u00e9dia Csoport magyar nyelvter\u00fcletre szakosodott  kritikai org\u00e1numa. Szervezeti m\u0171k\u00f6d\u00e9s\u00e9t tekintve a Fenesztra a Perim\u00e9dia  Lab (PL) alegys\u00e9ge, a Perimet\u00e1l T\u00e1rsulat (PT) iker-form\u00e1ci\u00f3ja \u00e9s a  Periszl\u00e1v St\u00fadi\u00f3 (PS) sz\u00e1rny\u00fcgyn\u00f6ks\u00e9ge.<\/p>\r\n\r\n<p>A Fenesztra lelkes csapata t\u00f6bb, k\u00fcl\u00f6nb\u00f6z\u0151 szakter\u00fcleten dolgoz\u00f3  k\u00f6zrem\u0171k\u00f6d\u0151b\u0151l \u00e1ll. Fot\u00f3s, alkalmazott grafikus, rajztan\u00e1r, v\u00e1g\u00f3,  operat\u0151r, k\u00e9pz\u0151m\u0171v\u00e9szeti szakasszisztens, \u00fajs\u00e1g\u00edr\u00f3 \u00e9s idegen nyelvi  levelez\u0151 egy\u00fcttes munk\u00e1ja nyom\u00e1n sz\u00fcletik meg az a m\u0171v\u00e9szi kijelent\u00e9s,  melyet e szakemberek, keny\u00e9rkeres\u0151 tev\u00e9kenys\u00e9g\u00fck v\u00e9gezt\u00e9vel, saj\u00e1t  sz\u00f3rakoz\u00e1sukra \u00e9s hallgat\u00f3s\u00e1guk gy\u00f6ny\u00f6rk\u00f6dtet\u00e9se v\u00e9gett \u00f6nzetlen\u00fcl  publik\u00e1lnak a Fenesztra has\u00e1bjain. A modern korporat\u00edv logika \u00e9s a  kort\u00e1rs \u00fczleti szellem jegy\u00e9ben ezek az alkot\u00f3k n\u00e9vtelen\u00fcl \u00e9s k\u00fcl\u00f6n  d\u00edjaz\u00e1s n\u00e9lk\u00fcl ruh\u00e1zz\u00e1k \u00e1t szellemi tulajdonukat \u00e9s szerz\u0151i jogaikat  a  Fenesztra t\u00f6rzsv\u00e1llalata (Perim\u00e9dia Lab) alap\u00edt\u00f3 tulajdonosaira, akik a  Fenesztra minden megnyilv\u00e1nul\u00e1s\u00e1\u00e9rt egyszem\u00e9lyben v\u00e1llalj\u00e1k a m\u0171v\u00e9szi \u00e9s  erk\u00f6lcsi felel\u0151ss\u00e9get.<\/p>","protected":false},"excerpt":{"rendered":"<p>http:\/\/fenesztra.blog.hu\/ A Fenesztra a Perim\u00e9dia Csoport magyar nyelvter\u00fcletre szakosodott kritikai org\u00e1numa. Szervezeti m\u0171k\u00f6d\u00e9s\u00e9t tekintve a Fenesztra a Perim\u00e9dia Lab (PL) alegys\u00e9ge, a Perimet\u00e1l T\u00e1rsulat (PT) iker-form\u00e1ci\u00f3ja \u00e9s a Periszl\u00e1v St\u00fadi\u00f3 (PS) sz\u00e1rny\u00fcgyn\u00f6ks\u00e9ge. A Fenesztra lelkes csapata t\u00f6bb, k\u00fcl\u00f6nb\u00f6z\u0151 szakter\u00fcleten dolgoz\u00f3 k\u00f6zrem\u0171k\u00f6d\u0151b\u0151l \u00e1ll. Fot\u00f3s, alkalmazott grafikus, rajztan\u00e1r, v\u00e1g\u00f3, operat\u0151r, k\u00e9pz\u0151m\u0171v\u00e9szeti szakasszisztens, \u00fajs\u00e1g\u00edr\u00f3 \u00e9s idegen nyelvi levelez\u0151 [&hellip;]<\/p>\n","protected":false},"author":1,"featured_media":0,"parent":0,"comment_status":"open","ping_status":"open","sticky":false,"template":"","format":"standard","meta":{"_acf_changed":false,"footnotes":""},"categories":[3],"tags":[],"class_list":["post-821210","post","type-post","status-publish","format-standard","hentry","category-hirek"],"acf":[],"_links":{"self":[{"href":"https:\/\/exindex.hu\/hu\/wp-json\/wp\/v2\/posts\/821210","targetHints":{"allow":["GET"]}}],"collection":[{"href":"https:\/\/exindex.hu\/hu\/wp-json\/wp\/v2\/posts"}],"about":[{"href":"https:\/\/exindex.hu\/hu\/wp-json\/wp\/v2\/types\/post"}],"author":[{"embeddable":true,"href":"https:\/\/exindex.hu\/hu\/wp-json\/wp\/v2\/users\/1"}],"replies":[{"embeddable":true,"href":"https:\/\/exindex.hu\/hu\/wp-json\/wp\/v2\/comments?post=821210"}],"version-history":[{"count":0,"href":"https:\/\/exindex.hu\/hu\/wp-json\/wp\/v2\/posts\/821210\/revisions"}],"wp:attachment":[{"href":"https:\/\/exindex.hu\/hu\/wp-json\/wp\/v2\/media?parent=821210"}],"wp:term":[{"taxonomy":"category","embeddable":true,"href":"https:\/\/exindex.hu\/hu\/wp-json\/wp\/v2\/categories?post=821210"},{"taxonomy":"post_tag","embeddable":true,"href":"https:\/\/exindex.hu\/hu\/wp-json\/wp\/v2\/tags?post=821210"}],"curies":[{"name":"wp","href":"https:\/\/api.w.org\/{rel}","templated":true}]}}