{"id":821786,"date":"2012-03-09T13:12:26","date_gmt":"2012-03-09T12:12:26","guid":{"rendered":"https:\/\/exindex.hu\/?p=821786"},"modified":"2012-03-11T11:05:41","modified_gmt":"2012-03-11T10:05:41","slug":"verziok","status":"publish","type":"post","link":"https:\/\/exindex.hu\/hu\/hirek\/verziok\/","title":{"rendered":"Verzi\u00f3k"},"content":{"rendered":"<p><em>az alkot\u00f3i munka, mint folyamat \u00e9rtelmez\u00e9se \u00e9s \u00e9rv\u00e9nyes\u00edt\u00e9se<\/em><\/p>\r\n\r\n<p><strong>2012. m\u00e1rcius 9., p\u00e9ntek, 18:00 \u2013 22:00<\/strong><br \/>\r\n 1051 Budapest, Okt\u00f3ber 6. utca 19., 4. emelet, kapuk\u00f3d: 45*8194<\/p>\r\n\r\n<p>Baki J\u00falia, Bori Om, Barnaf\u00f6ldi Anna, E\u00f6rtzen Nagy Gergely, Erlich G\u00e1bor, Husz\u00e1r Ildik\u00f3, Ipsics Barbara, Karas D\u00e1vid, P\u00f3lya Zsombor, Seemann Adrienn, Simon Kl\u00e1ra, S\u00f3s J\u00f3zsef, Szapu D\u00e1niel, Zsad\u00e1nyi Hajnalka, Kar\u00e1csony D\u00f3ra<\/p>\r\n\r\n<p><img loading=\"lazy\" decoding=\"async\" class=\"aligncenter size-full wp-image-1787\" src=\"\/wp-content\/uploads\/x\/vrzk.jpg\" alt=\"\" width=\"500\" height=\"344\" \/><\/p>\r\n\r\n<p>Verzi\u00f3k &#8211; az alkot\u00f3i munka, mint folyamat \u00e9rtelmez\u00e9se \u00e9s \u00e9rv\u00e9nyes\u00edt\u00e9se<\/p>\r\n\r\n<p>Ezen szeml\u00e9let szerint egy m\u0171 nem egy lez\u00e1rt egys\u00e9gk\u00e9nt, ha nem &#8222;el\u0151- \u00e9s ut\u00f3verzi\u00f3kkal&#8221; kiteljesed\u0151, nyitott formai egys\u00e9gk\u00e9nt \u00e9rtelmezhet\u0151, kezelhet\u0151 \u00e9s prezent\u00e1hat\u00f3. Munk\u00e1nk sor\u00e1n, ak\u00e1r az elgondol\u00e1s f\u00e1zis\u00e1ban, ak\u00e1r a megval\u00f3s\u00edt\u00e1s folyamat\u00e1ban, ak\u00e1r a bemutat\u00e1s k\u00fcl\u00f6nb\u00f6z\u0151 alkalmai szerint a m\u0171 t\u00f6bb &#8211; kisebb, nagyobb &#8211; tartalmi \u00e9s formai v\u00e1ltoz\u00e1son megy kereszt\u00fcl. Ezek f\u00e1zisaiban az elm\u00e9leti vagy fizikai s\u00edkon l\u00e9trej\u00f6tt verzi\u00f3k az alkot\u00e1si folyamat \u00e1llom\u00e1saik\u00e9nt, lenyomataik\u00e9nt, a folyamatb\u00f3l kiragadott &#8222;pillanatk\u00e9pekk\u00e9nt&#8221; hat\u00e1rozhat\u00f3k meg.<\/p>\r\n\r\n<p>Mindenkit szeretettel v\u00e1runk egyest\u00e9s ki\u00e1ll\u00edt\u00e1sunkra, mely az Interm\u00e9dia Tansz\u00e9k egy r\u00f6vid kurzus\u00e1nak z\u00e1r\u00f3esem\u00e9nye. A kurzust N\u00e9meth Hajnal vezette<\/p>\r\n\r\n<p><br class=\"spacer_\" \/><\/p>","protected":false},"excerpt":{"rendered":"<p>az alkot\u00f3i munka, mint folyamat \u00e9rtelmez\u00e9se \u00e9s \u00e9rv\u00e9nyes\u00edt\u00e9se 2012. m\u00e1rcius 9., p\u00e9ntek, 18:00 \u2013 22:00 1051 Budapest, Okt\u00f3ber 6. utca 19., 4. emelet, kapuk\u00f3d: 45*8194 Baki J\u00falia, Bori Om, Barnaf\u00f6ldi Anna, E\u00f6rtzen Nagy Gergely, Erlich G\u00e1bor, Husz\u00e1r Ildik\u00f3, Ipsics Barbara, Karas D\u00e1vid, P\u00f3lya Zsombor, Seemann Adrienn, Simon Kl\u00e1ra, S\u00f3s J\u00f3zsef, Szapu D\u00e1niel, Zsad\u00e1nyi Hajnalka, Kar\u00e1csony [&hellip;]<\/p>\n","protected":false},"author":1,"featured_media":821787,"parent":0,"comment_status":"open","ping_status":"open","sticky":false,"template":"","format":"standard","meta":{"_acf_changed":false,"footnotes":""},"categories":[3],"tags":[],"class_list":["post-821786","post","type-post","status-publish","format-standard","has-post-thumbnail","hentry","category-hirek"],"acf":[],"_links":{"self":[{"href":"https:\/\/exindex.hu\/hu\/wp-json\/wp\/v2\/posts\/821786","targetHints":{"allow":["GET"]}}],"collection":[{"href":"https:\/\/exindex.hu\/hu\/wp-json\/wp\/v2\/posts"}],"about":[{"href":"https:\/\/exindex.hu\/hu\/wp-json\/wp\/v2\/types\/post"}],"author":[{"embeddable":true,"href":"https:\/\/exindex.hu\/hu\/wp-json\/wp\/v2\/users\/1"}],"replies":[{"embeddable":true,"href":"https:\/\/exindex.hu\/hu\/wp-json\/wp\/v2\/comments?post=821786"}],"version-history":[{"count":0,"href":"https:\/\/exindex.hu\/hu\/wp-json\/wp\/v2\/posts\/821786\/revisions"}],"wp:featuredmedia":[{"embeddable":true,"href":"https:\/\/exindex.hu\/hu\/wp-json\/wp\/v2\/media\/821787"}],"wp:attachment":[{"href":"https:\/\/exindex.hu\/hu\/wp-json\/wp\/v2\/media?parent=821786"}],"wp:term":[{"taxonomy":"category","embeddable":true,"href":"https:\/\/exindex.hu\/hu\/wp-json\/wp\/v2\/categories?post=821786"},{"taxonomy":"post_tag","embeddable":true,"href":"https:\/\/exindex.hu\/hu\/wp-json\/wp\/v2\/tags?post=821786"}],"curies":[{"name":"wp","href":"https:\/\/api.w.org\/{rel}","templated":true}]}}