{"id":823063,"date":"2014-09-16T15:51:13","date_gmt":"2014-09-16T14:51:13","guid":{"rendered":"https:\/\/exindex.hu\/?p=823063"},"modified":"2014-09-16T15:51:13","modified_gmt":"2014-09-16T14:51:13","slug":"vilag-amelyben-elunk","status":"publish","type":"post","link":"https:\/\/exindex.hu\/hu\/hirek\/vilag-amelyben-elunk\/","title":{"rendered":"Vil\u00e1g, amelyben \u00e9l\u00fcnk"},"content":{"rendered":"<p>Fekete Bal\u00e1zs \u2013 Gerber P\u00e1l \u2013 F\u00f6ldesi Barnab\u00e1s ki\u00e1ll\u00edt\u00e1sa<\/p>\r\n\r\n<p>Mazart Gal\u00e9ria (1089 Budapest, Eln\u00f6k u, 1.)<br \/>\r\n Megnyit\u00f3: <strong>2014. szeptember 19. 18 \u00f3rakor<\/strong><\/p>\r\n\r\n<p><img loading=\"lazy\" decoding=\"async\" class=\"aligncenter size-full wp-image-3065\" src=\"\/wp-content\/uploads\/x\/vlg1.jpg\" alt=\"\" width=\"500\" height=\"381\" \/><\/p>\r\n\r\n<p>A ki\u00e1ll\u00edt\u00e1s megtekinthet\u0151 2014. okt\u00f3ber 11-ig, h\u00e9tf\u0151t\u0151l p\u00e9ntekig, 10-17 \u00f3r\u00e1ig.<br \/>\r\n Egy\u00e9b id\u0151pontban egyeztet\u00e9s alapj\u00e1n.<br \/>\r\n Kontakt: D\u00e1vid katalin +36.01.5776321<\/p>\r\n\r\n<p><br class=\"spacer_\" \/><\/p>","protected":false},"excerpt":{"rendered":"<p>Fekete Bal\u00e1zs \u2013 Gerber P\u00e1l \u2013 F\u00f6ldesi Barnab\u00e1s ki\u00e1ll\u00edt\u00e1sa Mazart Gal\u00e9ria (1089 Budapest, Eln\u00f6k u, 1.) Megnyit\u00f3: 2014. szeptember 19. 18 \u00f3rakor A ki\u00e1ll\u00edt\u00e1s megtekinthet\u0151 2014. okt\u00f3ber 11-ig, h\u00e9tf\u0151t\u0151l p\u00e9ntekig, 10-17 \u00f3r\u00e1ig. Egy\u00e9b id\u0151pontban egyeztet\u00e9s alapj\u00e1n. Kontakt: D\u00e1vid katalin +36.01.5776321<\/p>\n","protected":false},"author":1,"featured_media":823065,"parent":0,"comment_status":"closed","ping_status":"open","sticky":false,"template":"","format":"standard","meta":{"_acf_changed":false,"footnotes":""},"categories":[3],"tags":[],"class_list":["post-823063","post","type-post","status-publish","format-standard","has-post-thumbnail","hentry","category-hirek"],"acf":[],"_links":{"self":[{"href":"https:\/\/exindex.hu\/hu\/wp-json\/wp\/v2\/posts\/823063","targetHints":{"allow":["GET"]}}],"collection":[{"href":"https:\/\/exindex.hu\/hu\/wp-json\/wp\/v2\/posts"}],"about":[{"href":"https:\/\/exindex.hu\/hu\/wp-json\/wp\/v2\/types\/post"}],"author":[{"embeddable":true,"href":"https:\/\/exindex.hu\/hu\/wp-json\/wp\/v2\/users\/1"}],"replies":[{"embeddable":true,"href":"https:\/\/exindex.hu\/hu\/wp-json\/wp\/v2\/comments?post=823063"}],"version-history":[{"count":0,"href":"https:\/\/exindex.hu\/hu\/wp-json\/wp\/v2\/posts\/823063\/revisions"}],"wp:featuredmedia":[{"embeddable":true,"href":"https:\/\/exindex.hu\/hu\/wp-json\/wp\/v2\/media\/823065"}],"wp:attachment":[{"href":"https:\/\/exindex.hu\/hu\/wp-json\/wp\/v2\/media?parent=823063"}],"wp:term":[{"taxonomy":"category","embeddable":true,"href":"https:\/\/exindex.hu\/hu\/wp-json\/wp\/v2\/categories?post=823063"},{"taxonomy":"post_tag","embeddable":true,"href":"https:\/\/exindex.hu\/hu\/wp-json\/wp\/v2\/tags?post=823063"}],"curies":[{"name":"wp","href":"https:\/\/api.w.org\/{rel}","templated":true}]}}