{"id":823459,"date":"2015-11-20T15:42:53","date_gmt":"2015-11-20T14:42:53","guid":{"rendered":"https:\/\/exindex.hu\/?p=823459"},"modified":"2015-11-20T22:27:28","modified_gmt":"2015-11-20T21:27:28","slug":"artpool-jovo","status":"publish","type":"post","link":"https:\/\/exindex.hu\/hu\/hirek\/artpool-jovo\/","title":{"rendered":"Artpool >"},"content":{"rendered":"<p>A Liget Budapest projekt keret\u00e9ben a Szabolcs utc\u00e1ban fel\u00e9p\u00fcl\u0151 Orsz\u00e1gos  M\u00fazeumi Restaur\u00e1l\u00e1si \u00e9s Rakt\u00e1roz\u00e1si K\u00f6zpontban (OMRRK) kap \u00faj otthont  2018-t\u00f3l az imm\u00e1r a Sz\u00e9pm\u0171v\u00e9szeti M\u00fazeum r\u00e9szek\u00e9nt m\u0171k\u00f6d\u0151 Artpool  M\u0171v\u00e9szetkutat\u00f3 K\u00f6zpont.<\/p>\r\n\r\n<p><img loading=\"lazy\" decoding=\"async\" class=\"aligncenter size-medium wp-image-3460\" src=\"\/wp-content\/uploads\/x\/pool1-450x253.jpg\" alt=\"\" width=\"450\" height=\"253\" \/><\/p>\r\n\r\n<p>Az Artpool az \u00fagynevezett nem hivatalos m\u0171v\u00e9szeti t\u00f6rekv\u00e9sek  folyamatosan gyarapod\u00f3 gy\u0171jtem\u00e9nye, amelynek fennmarad\u00e1sa az ut\u00f3bbi  id\u0151ben vesz\u00e9lybe ker\u00fclt. A Magyar Nemzeti Bank \u00c9rt\u00e9kt\u00e1r programja  azonban megv\u00e1s\u00e1rolta az Artpool 1965\u20131991 k\u00f6z\u00f6tti r\u00e9sz\u00e9t, m\u00edg a m\u00e1sik  fel\u00e9t Klaniczay J\u00falia \u00e9s Gal\u00e1ntai Gy\u00f6rgy alap\u00edt\u00f3k ingyen aj\u00e1nlott\u00e1k fel \u2013  id\u00e9zte fel szerd\u00e1n Budapesten a Sz\u00e9pm\u0171v\u00e9szeti M\u00fazeum f\u0151igazgat\u00f3ja.<\/p>\r\n\r\n<p>Ba\u00e1n L\u00e1szl\u00f3 hozz\u00e1tette: az Artpool az alap\u00edt\u00f3knak az egyre cs\u00f6kken\u0151  f\u0151v\u00e1rosi \u00e9s \u00e1llami t\u00e1mogat\u00e1s mellett \u201e\u00e1lland\u00f3 k\u00ednl\u00f3d\u00e1st jelentett\u201d, \u00edgy  fenn\u00e1llt a vesz\u00e9lye, hogy a gy\u0171jtem\u00e9ny v\u00e9g\u00fcl megsz\u0171nik, darabjai pedig  nyugati int\u00e9zetekben k\u00f6tnek ki.<\/p>\r\n\r\n<p>Az Artpool ehelyett a Sz\u00e9pm\u0171v\u00e9szeti M\u00fazeum szervezeti keret\u00e9ben m\u0171k\u00f6dhet  tov\u00e1bb, egyel\u0151re jelenlegi hely\u00e9n, majd 2018-t\u00f3l az OMRRK-ban  l\u00e9trehozand\u00f3 K\u00f6z\u00e9p-eur\u00f3pai M\u0171v\u00e9szett\u00f6rt\u00e9neti Kutat\u00f3int\u00e9zet (KEMKI)  r\u00e9szek\u00e9nt.<\/p>\r\n\r\n<p>A gy\u0171jtem\u00e9nyt vezet\u0151 Klaniczay J\u00falia elmondta: az Artpool sz\u00e1m\u00e1ra nagyon  fontos volt a rendszerv\u00e1lt\u00e1skor, hogy az addig titokban m\u0171k\u00f6d\u0151  gy\u0171jtem\u00e9ny nyilv\u00e1nos int\u00e9zm\u00e9nny\u00e9 v\u00e1ljon, erre azonban akkor nem ker\u00fclt  sor. Mint kiemelte, az arch\u00edvumi funkci\u00f3k mellett az Artpool az akt\u00edv  gy\u0171jt\u00e9st is folyamatosan v\u00e9gzi, ez\u00e9rt a vil\u00e1g minden t\u00e1j\u00e1r\u00f3l \u00e9rkeznek a  kutat\u00f3k, de sokan az interneten k\u00fcldenek megkeres\u00e9seket.<\/p>\r\n\r\n<p>\u201e\u00c1lmaink netov\u00e1bbja, hogy annak a k\u00eds\u00e9rletnek lehet\u00fcnk a r\u00e9szesei,  mik\u00e9nt lehet egy harminc\u00e9ves nonprofit m\u0171k\u00f6d\u00e9st tov\u00e1bbvinni int\u00e9zm\u00e9nyi  keretek k\u00f6z\u00f6tt\u201d \u2013 fogalmazott Klaniczay J\u00falia. Mint hozz\u00e1f\u0171zte, eddig  nem volt p\u00e9lda a vil\u00e1gban arra, hogy egy hasonl\u00f3 nonprofit int\u00e9zm\u00e9ny egy  \u00e1llami m\u00fazeumba a profilj\u00e1t megtartva tudjon betagoz\u00f3dni; jellemz\u0151bb,  hogy ezek a gy\u0171jtem\u00e9nyek v\u00e9g\u00fcl megsz\u0171nnek, darabjaikat k\u00fcl\u00f6nb\u00f6z\u0151  m\u00fazeumok v\u00e1s\u00e1rolj\u00e1k meg.<\/p>\r\n\r\n<p>Klaniczay J\u00falia hangs\u00falyozta: ehhez k\u00e9pest az Artpool \u00e9l\u0151 arch\u00edvum  maradt, r\u00e1ad\u00e1sul a j\u00f6v\u0151ben is folytathatja tev\u00e9kenys\u00e9g\u00e9t; a Szabolcs  utcai leend\u0151 k\u00f6zpontban hatsz\u00e1z n\u00e9gyzetm\u00e9teres alapter\u00fcleten, 21.  sz\u00e1zadi, kl\u00edma- \u00e9s p\u00e1rav\u00e9delemmel ell\u00e1tott arch\u00edvumi rendszerben.<\/p>\r\n\r\n<p>Ba\u00e1n L\u00e1szl\u00f3 \u00fajs\u00e1g\u00edr\u00f3i k\u00e9rd\u00e9sre elmondta, a KEMKI a Sz\u00e9pm\u0171v\u00e9szeti \u00e9s a  Magyar Nemzeti Gal\u00e9ria, az egykori K\u00e9pz\u0151m\u0171v\u00e9szeti Lektor\u00e1tus, valamint  az Artpool anyag\u00e1b\u00f3l j\u00f6n l\u00e9tre, \u00e9s saj\u00e1t kutat\u00e1si programokat is ind\u00edt  majd.<\/p>\r\n\r\n<p><img loading=\"lazy\" decoding=\"async\" class=\"aligncenter size-medium wp-image-3461\" src=\"\/wp-content\/uploads\/x\/pool2-450x253.jpg\" alt=\"\" width=\"450\" height=\"253\" \/><\/p>\r\n\r\n<p>Az Artpool M\u0171v\u00e9szetkutat\u00f3 K\u00f6zpont a hatvanas \u00e9vekt\u0151l megjelen\u0151 \u00faj  m\u0171v\u00e9szeti mozgalmak, ir\u00e1nyzatok, k\u00f6zt\u00fck az \u00fagynevezett nem hivatalos  m\u0171v\u00e9szeti t\u00f6rekv\u00e9sek (underground, szamizdat) dokumentumgy\u0171jtem\u00e9nye. A  hatsz\u00e1z\u00f6tven foly\u00f3m\u00e9ternyi \u00e9s a k\u00e9tezerh\u00e1romsz\u00e1z \u00f3r\u00e1nyi digitaliz\u00e1lt  arch\u00edvumi anyagban csaknem h\u00e9tezer\u00f6tsz\u00e1z m\u0171v\u00e9sz, alkot\u00f3csoport,  int\u00e9zm\u00e9ny kutathat\u00f3.<\/p>\r\n\r\n<p>(MTI)<\/p>","protected":false},"excerpt":{"rendered":"<p>A Liget Budapest projekt keret\u00e9ben a Szabolcs utc\u00e1ban fel\u00e9p\u00fcl\u0151 Orsz\u00e1gos M\u00fazeumi Restaur\u00e1l\u00e1si \u00e9s Rakt\u00e1roz\u00e1si K\u00f6zpontban (OMRRK) kap \u00faj otthont 2018-t\u00f3l az imm\u00e1r a Sz\u00e9pm\u0171v\u00e9szeti M\u00fazeum r\u00e9szek\u00e9nt m\u0171k\u00f6d\u0151 Artpool M\u0171v\u00e9szetkutat\u00f3 K\u00f6zpont. Az Artpool az \u00fagynevezett nem hivatalos m\u0171v\u00e9szeti t\u00f6rekv\u00e9sek folyamatosan gyarapod\u00f3 gy\u0171jtem\u00e9nye, amelynek fennmarad\u00e1sa az ut\u00f3bbi id\u0151ben vesz\u00e9lybe ker\u00fclt. A Magyar Nemzeti Bank \u00c9rt\u00e9kt\u00e1r programja azonban [&hellip;]<\/p>\n","protected":false},"author":1,"featured_media":0,"parent":0,"comment_status":"closed","ping_status":"open","sticky":false,"template":"","format":"standard","meta":{"_acf_changed":false,"footnotes":""},"categories":[3],"tags":[],"class_list":["post-823459","post","type-post","status-publish","format-standard","hentry","category-hirek"],"acf":[],"_links":{"self":[{"href":"https:\/\/exindex.hu\/hu\/wp-json\/wp\/v2\/posts\/823459","targetHints":{"allow":["GET"]}}],"collection":[{"href":"https:\/\/exindex.hu\/hu\/wp-json\/wp\/v2\/posts"}],"about":[{"href":"https:\/\/exindex.hu\/hu\/wp-json\/wp\/v2\/types\/post"}],"author":[{"embeddable":true,"href":"https:\/\/exindex.hu\/hu\/wp-json\/wp\/v2\/users\/1"}],"replies":[{"embeddable":true,"href":"https:\/\/exindex.hu\/hu\/wp-json\/wp\/v2\/comments?post=823459"}],"version-history":[{"count":0,"href":"https:\/\/exindex.hu\/hu\/wp-json\/wp\/v2\/posts\/823459\/revisions"}],"wp:attachment":[{"href":"https:\/\/exindex.hu\/hu\/wp-json\/wp\/v2\/media?parent=823459"}],"wp:term":[{"taxonomy":"category","embeddable":true,"href":"https:\/\/exindex.hu\/hu\/wp-json\/wp\/v2\/categories?post=823459"},{"taxonomy":"post_tag","embeddable":true,"href":"https:\/\/exindex.hu\/hu\/wp-json\/wp\/v2\/tags?post=823459"}],"curies":[{"name":"wp","href":"https:\/\/api.w.org\/{rel}","templated":true}]}}