{"id":826243,"date":"2021-06-04T12:56:00","date_gmt":"2021-06-04T11:56:00","guid":{"rendered":"https:\/\/exindex.hu\/?p=826243"},"modified":"2021-06-04T12:56:00","modified_gmt":"2021-06-04T11:56:00","slug":"wolfgang-tillmans-eloadasa","status":"publish","type":"post","link":"https:\/\/exindex.hu\/hu\/hirek\/wolfgang-tillmans-eloadasa\/","title":{"rendered":"Wolfgang Tillmans el\u0151ad\u00e1sa"},"content":{"rendered":"<p>2021. j\u00fanius 5-\u00e9n, szombaton este 7 \u00f3r\u00e1t\u00f3l a Traf\u00f3 Gal\u00e9ri\u00e1ban  megrendez\u00e9sre ker\u00fcl\u0151 A te tested a ti\u00e9d c\u00edm\u0171 egy\u00e9ni ki\u00e1ll\u00edt\u00e1s\u00e1hoz  kapcsol\u00f3d\u00f3an Wolfgang Tillmans tart el\u0151ad\u00e1st m\u0171v\u00e9szeti gyakorlat\u00e1r\u00f3l a  Traf\u00f3 Nagyterm\u00e9ben.<\/p>\r\n\r\n<p>80 perc, az el\u0151ad\u00e1s nyelve angol.<\/p>\r\n\r\n<p>Az esem\u00e9ny v\u00e9detts\u00e9gi igazolv\u00e1ny bemutat\u00e1s\u00e1t k\u00f6vet\u0151en l\u00e1togathat\u00f3. A  szoci\u00e1lis t\u00e1vols\u00e1g betart\u00e1s\u00e1nak \u00e9rdek\u00e9ben az el\u0151ad\u00e1sra korl\u00e1tozott  mennyis\u00e9gben \u00e9rt\u00e9kes\u00edt\u00fcnk jegyeket, a k\u00f6z\u00f6ns\u00e9g minden m\u00e1sodik sz\u00e9ket  foglalhatja el.<\/p>\r\n\r\n<p>Jegy\u00e1r: 1000 Forint<br \/>\r\n Jegyv\u00e1s\u00e1rl\u00e1s <a href=\"https:\/\/trafo.jegy.hu\/program\/wolfgang-tillmans-eloadasa-lecture-by-wolfgang-tillmans-122922\/717969\" target=\"_blank\">itt<\/a>.<\/p>\r\n\r\n<p><a href=\"\/wp-content\/uploads\/x\/wolfgangtillmans.jpg\"><img loading=\"lazy\" decoding=\"async\" class=\"aligncenter size-full wp-image-6244\" title=\"wolfgangtillmans\" src=\"\/wp-content\/uploads\/x\/wolfgangtillmans.jpg\" alt=\"\" width=\"500\" height=\"750\" \/><\/a><\/p>","protected":false},"excerpt":{"rendered":"<p>2021. j\u00fanius 5-\u00e9n, szombaton este 7 \u00f3r\u00e1t\u00f3l a Traf\u00f3 Gal\u00e9ri\u00e1ban megrendez\u00e9sre ker\u00fcl\u0151 A te tested a ti\u00e9d c\u00edm\u0171 egy\u00e9ni ki\u00e1ll\u00edt\u00e1s\u00e1hoz kapcsol\u00f3d\u00f3an Wolfgang Tillmans tart el\u0151ad\u00e1st m\u0171v\u00e9szeti gyakorlat\u00e1r\u00f3l a Traf\u00f3 Nagyterm\u00e9ben. 80 perc, az el\u0151ad\u00e1s nyelve angol. Az esem\u00e9ny v\u00e9detts\u00e9gi igazolv\u00e1ny bemutat\u00e1s\u00e1t k\u00f6vet\u0151en l\u00e1togathat\u00f3. A szoci\u00e1lis t\u00e1vols\u00e1g betart\u00e1s\u00e1nak \u00e9rdek\u00e9ben az el\u0151ad\u00e1sra korl\u00e1tozott mennyis\u00e9gben \u00e9rt\u00e9kes\u00edt\u00fcnk jegyeket, a [&hellip;]<\/p>\n","protected":false},"author":1,"featured_media":826244,"parent":0,"comment_status":"closed","ping_status":"open","sticky":false,"template":"","format":"standard","meta":{"_acf_changed":false,"footnotes":""},"categories":[3],"tags":[],"class_list":["post-826243","post","type-post","status-publish","format-standard","has-post-thumbnail","hentry","category-hirek"],"acf":[],"_links":{"self":[{"href":"https:\/\/exindex.hu\/hu\/wp-json\/wp\/v2\/posts\/826243","targetHints":{"allow":["GET"]}}],"collection":[{"href":"https:\/\/exindex.hu\/hu\/wp-json\/wp\/v2\/posts"}],"about":[{"href":"https:\/\/exindex.hu\/hu\/wp-json\/wp\/v2\/types\/post"}],"author":[{"embeddable":true,"href":"https:\/\/exindex.hu\/hu\/wp-json\/wp\/v2\/users\/1"}],"replies":[{"embeddable":true,"href":"https:\/\/exindex.hu\/hu\/wp-json\/wp\/v2\/comments?post=826243"}],"version-history":[{"count":0,"href":"https:\/\/exindex.hu\/hu\/wp-json\/wp\/v2\/posts\/826243\/revisions"}],"wp:featuredmedia":[{"embeddable":true,"href":"https:\/\/exindex.hu\/hu\/wp-json\/wp\/v2\/media\/826244"}],"wp:attachment":[{"href":"https:\/\/exindex.hu\/hu\/wp-json\/wp\/v2\/media?parent=826243"}],"wp:term":[{"taxonomy":"category","embeddable":true,"href":"https:\/\/exindex.hu\/hu\/wp-json\/wp\/v2\/categories?post=826243"},{"taxonomy":"post_tag","embeddable":true,"href":"https:\/\/exindex.hu\/hu\/wp-json\/wp\/v2\/tags?post=826243"}],"curies":[{"name":"wp","href":"https:\/\/api.w.org\/{rel}","templated":true}]}}