{"id":826730,"date":"2022-01-31T17:32:35","date_gmt":"2022-01-31T16:32:35","guid":{"rendered":"https:\/\/exindex.hu\/?p=826730"},"modified":"2022-02-16T23:07:05","modified_gmt":"2022-02-16T22:07:05","slug":"%e2%80%a0-beke-laszlo","status":"publish","type":"post","link":"https:\/\/exindex.hu\/hu\/hirek\/%e2%80%a0-beke-laszlo\/","title":{"rendered":"\u2020 Beke L\u00e1szl\u00f3"},"content":{"rendered":"<p>2022. janu\u00e1r 31-\u00e9n, \u00e9let\u00e9nek 78. esztendej\u00e9ben\u00a0 elhunyt Beke L\u00e1szl\u00f3 egyetemi tan\u00e1r, m\u0171v\u00e9szett\u00f6rt\u00e9n\u00e9sz, kur\u00e1tor.<\/p>\r\n\r\n<p>Az ELTE m\u0171v\u00e9szett\u00f6rt\u00e9net\u2013magyar szak\u00e1n tanult. 1968-t\u00f3l a  M\u0171v\u00e9szett\u00f6rt\u00e9neti Dokument\u00e1ci\u00f3s K\u00f6zpont, majd a MTA M\u0171v\u00e9szett\u00f6rt\u00e9neti  Kutat\u00f3csoport tudom\u00e1nyos munkat\u00e1rsa volt. 1988 \u00e9s 1995 k\u00f6z\u00f6tt a Magyar  Nemzeti Gal\u00e9ria fest\u00e9szeti oszt\u00e1ly\u00e1nak f\u0151oszt\u00e1lyvezet\u0151je. 1995 \u00e9s 2000  k\u00f6z\u00f6tt a M\u0171csarnok f\u0151igazgat\u00f3ja. 2000 \u00e9s 2011 k\u00f6z\u00f6tt a MTA  M\u0171v\u00e9szett\u00f6rt\u00e9neti Kutat\u00f3int\u00e9zet\u00e9nek igazgat\u00f3ja.<\/p>\r\n\r\n<p>1989 \u00e9s 1996 k\u00f6z\u00f6tt az Iparm\u0171v\u00e9szeti F\u0151iskola tudom\u00e1nyos munkat\u00e1rsa.  1990-t\u0151l a K\u00e9pz\u0151m\u0171v\u00e9szeti F\u0151iskola c\u00edmzetes egyetemi tan\u00e1ra, 1994-t\u0151l  tansz\u00e9kvezet\u0151 egyetemi tan\u00e1ra, 1996-ban kandid\u00e1tusi c\u00edmet szerzett.<\/p>\r\n\r\n<p>A hatvanas \u00e9vek v\u00e9ge \u00f3ta vett r\u00e9szt a kort\u00e1rs m\u0171v\u00e9szeti \u00e9let  szervez\u00e9s\u00e9ben, az akkoriban underground st\u00e1tusz\u00fa kort\u00e1rs m\u0171v\u00e9szeti  mozgalmak munk\u00e1j\u00e1ban \u00e9s megismertet\u00e9s\u00e9ben. Mintegy n\u00e9gysz\u00e1z tanulm\u00e1ny,  cikk, katal\u00f3gus-el\u0151sz\u00f3 szerz\u0151je, tizen\u00f6t k\u00f6tet szerkeszt\u0151je.<\/p>\r\n\r\n<p>P\u00e1lyafut\u00e1sa els\u0151 k\u00e9t \u00e9vtized\u00e9ben tev\u00e9kenys\u00e9ge k\u00e9t p\u00e1rhuzamos sz\u00e1lon  futott: hivatalos munkahely\u00e9n a k\u00f6z\u00e9pkori \u00f6tv\u00f6sm\u0171v\u00e9szetet kutatta  (szakdolgozat\u00e1t a felvid\u00e9ki sz\u00e1rnyasolt\u00e1rok arany h\u00e1tter\u00e9nek mustr\u00e1ir\u00f3l,  doktorij\u00e1t a sodronyzom\u00e1ncokr\u00f3l \u00edrta), mik\u00f6zben intenz\u00edven  bekapcsol\u00f3dott a kor progressz\u00edv m\u0171v\u00e9szeti \u00e1ramlatainak margin\u00e1lis  helysz\u00edneken zajl\u00f3 \u00e9let\u00e9be, melynek hamarosan kiemelked\u0151 szervez\u0151je  lett.<\/p>\r\n\r\n<p>Projekteket kezdem\u00e9nyezett, a Balatonbogl\u00e1ri K\u00e1polnam\u0171terem esem\u00e9nyeinek r\u00e9sztvev\u0151je volt, majd \u00e9veken kereszt\u00fcl a Fiatal M\u0171v\u00e9szek  Klubj\u00e1ban rendezett ki\u00e1ll\u00edt\u00e1sokat.  Mindek\u00f6zben arch\u00edvumot \u00e9p\u00edtett, tanulm\u00e1nyokat \u00edrt, ki\u00e1ll\u00edt\u00e1sokat  rendezett, sz\u00e1mos k\u00fclf\u00f6ldi ki\u00e1ll\u00edt\u00e1s tan\u00e1csad\u00f3ja volt. 1977-ben a  p\u00e1rizsi Magyar M\u0171hely Kass\u00e1k d\u00edj\u00e1t kapta a magyar m\u0171v\u00e9szet  dokument\u00e1l\u00e1s\u00e1\u00e9rt.<\/p>\r\n\r\n<p>A rendszerv\u00e1lt\u00e1s k\u00f6rny\u00e9k\u00e9n futottak \u00f6ssze p\u00e1ly\u00e1j\u00e1nak hivatalos \u00e9s nem  hivatalos sz\u00e1lai. Egyetemi oktat\u00f3i feladatai mellett a Magyar Nemzeti  Gal\u00e9ria f\u0151oszt\u00e1lyvezet\u0151je, majd a M\u0171csarnok f\u0151igazgat\u00f3ja, ezut\u00e1n az MTA  M\u0171v\u00e9szett\u00f6rt\u00e9neti Kutat\u00f3int\u00e9zet\u00e9nek igazgat\u00f3ja volt nyugd\u00edjaz\u00e1s\u00e1ig.  1989-ben Munk\u00e1csy Mih\u00e1ly-d\u00edjban, 2009-ben Sz\u00e9chenyi-d\u00edjban r\u00e9szes\u00fclt.<\/p>\r\n\r\n<figure id=\"attachment_6729\" class=\"thumbnail wp-caption aligncenter\" style=\"width: 510px\"><a href=\"\/wp-content\/uploads\/x\/bl_2017szept6.jpg\"><img loading=\"lazy\" decoding=\"async\" class=\"size-full wp-image-6729\" title=\"bl_2017szept6\" src=\"\/wp-content\/uploads\/x\/bl_2017szept6.jpg\" alt=\"Fot\u00f3: Sug\u00e1r J\u00e1nos\" width=\"500\" height=\"375\" \/><\/a><figcaption class=\"caption wp-caption-text\">Fot\u00f3: Sug\u00e1r J\u00e1nos<\/figcaption><\/figure>\r\n\r\n<figure id=\"attachment_6743\" class=\"thumbnail wp-caption aligncenter\" style=\"width: 510px\"><a href=\"\/wp-content\/uploads\/x\/bl-2.jpg\"><img loading=\"lazy\" decoding=\"async\" class=\"size-full wp-image-6743 \" title=\"bl-2\" src=\"\/wp-content\/uploads\/x\/bl-2.jpg\" alt=\"\" width=\"500\" height=\"333\" \/><\/a><figcaption class=\"caption wp-caption-text\">Fot\u00f3: V\u00e1rnagy Tibor<\/figcaption><\/figure>","protected":false},"excerpt":{"rendered":"<p>2022. janu\u00e1r 31-\u00e9n, \u00e9let\u00e9nek 78. esztendej\u00e9ben\u00a0 elhunyt Beke L\u00e1szl\u00f3 egyetemi tan\u00e1r, m\u0171v\u00e9szett\u00f6rt\u00e9n\u00e9sz, kur\u00e1tor. Az ELTE m\u0171v\u00e9szett\u00f6rt\u00e9net\u2013magyar szak\u00e1n tanult. 1968-t\u00f3l a M\u0171v\u00e9szett\u00f6rt\u00e9neti Dokument\u00e1ci\u00f3s K\u00f6zpont, majd a MTA M\u0171v\u00e9szett\u00f6rt\u00e9neti Kutat\u00f3csoport tudom\u00e1nyos munkat\u00e1rsa volt. 1988 \u00e9s 1995 k\u00f6z\u00f6tt a Magyar Nemzeti Gal\u00e9ria fest\u00e9szeti oszt\u00e1ly\u00e1nak f\u0151oszt\u00e1lyvezet\u0151je. 1995 \u00e9s 2000 k\u00f6z\u00f6tt a M\u0171csarnok f\u0151igazgat\u00f3ja. 2000 \u00e9s 2011 k\u00f6z\u00f6tt a MTA [&hellip;]<\/p>\n","protected":false},"author":1,"featured_media":826729,"parent":0,"comment_status":"closed","ping_status":"open","sticky":false,"template":"","format":"standard","meta":{"_acf_changed":false,"footnotes":""},"categories":[3],"tags":[],"class_list":["post-826730","post","type-post","status-publish","format-standard","has-post-thumbnail","hentry","category-hirek"],"acf":[],"_links":{"self":[{"href":"https:\/\/exindex.hu\/hu\/wp-json\/wp\/v2\/posts\/826730","targetHints":{"allow":["GET"]}}],"collection":[{"href":"https:\/\/exindex.hu\/hu\/wp-json\/wp\/v2\/posts"}],"about":[{"href":"https:\/\/exindex.hu\/hu\/wp-json\/wp\/v2\/types\/post"}],"author":[{"embeddable":true,"href":"https:\/\/exindex.hu\/hu\/wp-json\/wp\/v2\/users\/1"}],"replies":[{"embeddable":true,"href":"https:\/\/exindex.hu\/hu\/wp-json\/wp\/v2\/comments?post=826730"}],"version-history":[{"count":0,"href":"https:\/\/exindex.hu\/hu\/wp-json\/wp\/v2\/posts\/826730\/revisions"}],"wp:featuredmedia":[{"embeddable":true,"href":"https:\/\/exindex.hu\/hu\/wp-json\/wp\/v2\/media\/826729"}],"wp:attachment":[{"href":"https:\/\/exindex.hu\/hu\/wp-json\/wp\/v2\/media?parent=826730"}],"wp:term":[{"taxonomy":"category","embeddable":true,"href":"https:\/\/exindex.hu\/hu\/wp-json\/wp\/v2\/categories?post=826730"},{"taxonomy":"post_tag","embeddable":true,"href":"https:\/\/exindex.hu\/hu\/wp-json\/wp\/v2\/tags?post=826730"}],"curies":[{"name":"wp","href":"https:\/\/api.w.org\/{rel}","templated":true}]}}